{"id":103488,"date":"2019-07-05T11:40:54","date_gmt":"2019-07-05T14:40:54","guid":{"rendered":"http:\/\/www.caririemacao.com\/1\/?p=103488"},"modified":"2019-07-05T11:40:54","modified_gmt":"2019-07-05T14:40:54","slug":"dialogo-mostra-procuradores-comemorando-apoio-de-ministro-aha-uhu-o-fachin-e-nosso","status":"publish","type":"post","link":"https:\/\/www.caririemacao.com\/1\/2019\/07\/05\/dialogo-mostra-procuradores-comemorando-apoio-de-ministro-aha-uhu-o-fachin-e-nosso\/","title":{"rendered":"Di\u00e1logo mostra procuradores comemorando apoio de ministro: \u201cAha, Uhu, o Fachin \u00e9 nosso\u201d"},"content":{"rendered":"\n<p>Um dos di\u00e1logos mais expressivos entre o ex-juiz e atual ministro da Justi\u00e7a, S\u00e9rgio Moro, com o procurador do Minist\u00e9rio P\u00fablico Federal (MPF), Deltan Dallagnol, mostram, em reportagem publicada pela revista Veja, nesta sexta-feira (5), uma clara interfer\u00eancia da Justi\u00e7a nos processos da Lava Jato junto ao ministro do Supremo Tribunal Federal (STF), Edson Fachin.<\/p>\n\n\n\n<p>Em di\u00e1logo com outros procuradores e Moro, Dallagnol cita que conseguiu o \u201capoio\u201d do ministro em um dos processos. \u201cEm 13 de julho de 2015, Dallagnol sai exultante de um encontro com o ministro Edson Fachin e comenta com os colegas de MPF: \u2018Caros, conversei 45 m com o Fachin. Aha uhu o Fachin \u00e9 nosso\u2019, revela trecho da conversa.<\/p>\n\n\n\n<p>A rela\u00e7\u00e3o da opera\u00e7\u00e3o Lava Jato com ministros do STF \u00e9 um dos aspectos mais sens\u00edveis do material do Intercept em parceria com diversos ve\u00edculos de comunica\u00e7\u00e3o. Na divulga\u00e7\u00e3o realizada no \u00faltimo dia 12 por&nbsp;<a href=\"https:\/\/https\/\/www.brasil247.com\/brasil\/dialogo-inedito-da-vaza-jato-revela-apoio-de-fux\">Reinaldo Azevedo,<\/a>&nbsp;na Bandnews, foi revelada a frase que passou a perseguir Moro: \u201cIn Fux we trust\u201d.&nbsp;<\/p>\n\n\n\n<p><strong>Entenda o caso \u201cin Fux we trust\u201d<\/strong><\/p>\n\n\n\n<p>Em um grupo de procuradores, Dallagnol conta ter conversado \u201cmais uma vez com Fux hoje, reservado, \u00e9 claro\u201d. \u201cO ministro Fux disse quase espontaneamente que Teori Zavascki fez queda de bra\u00e7o com Moro e se queimou, e que o tom da resposta de Moro foi \u00f3timo\u201d, escreveu, em refer\u00eancia \u00e0 repreens\u00e3o feita por Teori a Moro pelos grampos de Dilma Rousseff.<\/p>\n\n\n\n<p>\u201cFux disse para contarmos com ele para o que precisarmos, mais uma vez. S\u00f3 faltou, como bom carioca, chamar-me para ir \u00e0 casa dele rs\u201d, acrescentou. \u201cMas os sinais foram \u00f3timos, falei da import\u00e2ncia de nos protegermos como institui\u00e7\u00f5es, especialmente no novo governo\u201d, completou.<\/p>\n\n\n\n<p>As mensagens foram encaminhadas por Dallagnol para o ent\u00e3o juiz S\u00e9rgio Moro, que respondeu, em tom de intimidade. \u201cExcelente, in Fux we trust\u201d, escreveu Moro, em ingl\u00eas, o que pode ser traduzido como \u201cno Fux a gente confia\u201d.<\/p>\n\n\n\n<p><\/p>\n\n\n\n<p>wscom<\/p>\n","protected":false},"excerpt":{"rendered":"<p>Um dos di\u00e1logos mais expressivos entre o ex-juiz e atual ministro da Justi\u00e7a, S\u00e9rgio Moro, com o procurador do Minist\u00e9rio P\u00fablico Federal (MPF), Deltan Dallagnol,&hellip; <\/p>\n","protected":false},"author":2,"featured_media":103489,"comment_status":"closed","ping_status":"closed","sticky":false,"template":"","format":"standard","meta":{"sfsi_plus_gutenberg_text_before_share":"","sfsi_plus_gutenberg_show_text_before_share":"","sfsi_plus_gutenberg_icon_type":"","sfsi_plus_gutenberg_icon_alignemt":"","sfsi_plus_gutenburg_max_per_row":"","footnotes":""},"categories":[11],"tags":[],"class_list":["post-103488","post","type-post","status-publish","format-standard","has-post-thumbnail","hentry","category-politica"],"_links":{"self":[{"href":"https:\/\/www.caririemacao.com\/1\/wp-json\/wp\/v2\/posts\/103488","targetHints":{"allow":["GET"]}}],"collection":[{"href":"https:\/\/www.caririemacao.com\/1\/wp-json\/wp\/v2\/posts"}],"about":[{"href":"https:\/\/www.caririemacao.com\/1\/wp-json\/wp\/v2\/types\/post"}],"author":[{"embeddable":true,"href":"https:\/\/www.caririemacao.com\/1\/wp-json\/wp\/v2\/users\/2"}],"replies":[{"embeddable":true,"href":"https:\/\/www.caririemacao.com\/1\/wp-json\/wp\/v2\/comments?post=103488"}],"version-history":[{"count":1,"href":"https:\/\/www.caririemacao.com\/1\/wp-json\/wp\/v2\/posts\/103488\/revisions"}],"predecessor-version":[{"id":103490,"href":"https:\/\/www.caririemacao.com\/1\/wp-json\/wp\/v2\/posts\/103488\/revisions\/103490"}],"wp:featuredmedia":[{"embeddable":true,"href":"https:\/\/www.caririemacao.com\/1\/wp-json\/wp\/v2\/media\/103489"}],"wp:attachment":[{"href":"https:\/\/www.caririemacao.com\/1\/wp-json\/wp\/v2\/media?parent=103488"}],"wp:term":[{"taxonomy":"category","embeddable":true,"href":"https:\/\/www.caririemacao.com\/1\/wp-json\/wp\/v2\/categories?post=103488"},{"taxonomy":"post_tag","embeddable":true,"href":"https:\/\/www.caririemacao.com\/1\/wp-json\/wp\/v2\/tags?post=103488"}],"curies":[{"name":"wp","href":"https:\/\/api.w.org\/{rel}","templated":true}]}}