{"id":103491,"date":"2019-07-05T11:43:56","date_gmt":"2019-07-05T14:43:56","guid":{"rendered":"http:\/\/www.caririemacao.com\/1\/?p=103491"},"modified":"2019-07-05T11:43:56","modified_gmt":"2019-07-05T14:43:56","slug":"previdencia-bolsonaro-foi-ingenuo-diz-paulo-guedes-sobre-acordo-com-policiais","status":"publish","type":"post","link":"https:\/\/www.caririemacao.com\/1\/2019\/07\/05\/previdencia-bolsonaro-foi-ingenuo-diz-paulo-guedes-sobre-acordo-com-policiais\/","title":{"rendered":"Previd\u00eancia: Bolsonaro foi \u2018ing\u00eanuo\u2019, diz Paulo Guedes sobre acordo com policiais"},"content":{"rendered":"\n<p>O&nbsp;ministro da Economia, Paulo Guedes, minimizou na quinta-feira (4), o posicionamento do presidente Jair Bolsonaro (PSL), que tentou emplacar regras mais suaves na reforma da Previd\u00eancia para policiais federais, rodovi\u00e1rios federais e legislativos. Segundo ele, o presidente tem bons princ\u00edpios, mas tem \u201cuma ingenuidade ou outra\u201d, como nesse caso.<\/p>\n\n\n\n<p>\u201cEu tenho convivido com o presidente e n\u00e3o vejo um mil\u00edmetro de comportamento dele que fosse (\u2026), a n\u00e3o ser uma ingenuidade ou outra, uma coisa ou outra tipo: \u2018N\u00e3o d\u00e1 para ajudar aquele ali n\u00e3o?\u2019 Como ocorreu agora com a Previd\u00eancia. E eu disse: \u2018Presidente, \u00e9 o Congresso que est\u00e1 com a reforma, jogo que segue, a bola est\u00e1 com eles&#8217;\u201d, disse ele durante evento em S\u00e3o Paulo.<\/p>\n\n\n\n<p><strong>Quase l\u00e1<\/strong><\/p>\n\n\n\n<p>O ministro disse ainda acreditar que a reforma da Previd\u00eancia ser\u00e1 aprovada no plen\u00e1rio da C\u00e2mara antes do recesso parlamentar, que come\u00e7a no pr\u00f3ximo dia 18. \u201cEu confio no Congresso brasileiro\u201d, disse. Ele garantiu ainda ter o apoio de lideran\u00e7as do Congresso, citando os nomes do presidente da Comiss\u00e3o Especial da C\u00e2mara, Marcelo Ramos (PL-AM), do relator da reforma na comiss\u00e3o, deputado Samuel Moreira (PSDB-SP), e do presidente da C\u00e2mara, Rodrigo Maia (DEM-RJ). \u201cAo contr\u00e1rio do que se diz por a\u00ed, n\u00f3s temos o apoio (<em>deles<\/em>)\u201d, disse.<\/p>\n\n\n\n<p>Guedes chegou a afirmar na quarta que h\u00e1 pot\u00eancia fiscal suficiente na reforma da Previd\u00eancia para tentar \u201cl\u00e1 na frente\u201d criar o regime de capitaliza\u00e7\u00e3o no Brasil. Pelo modelo, as contribui\u00e7\u00f5es v\u00e3o para uma conta individual, que banca os benef\u00edcios no futuro. \u201cO primeiro movimento foi conseguir pot\u00eancia fiscal na reforma, e h\u00e1 pot\u00eancia fiscal suficiente para tentarmos l\u00e1 na frente de novo migrar do regime de capitaliza\u00e7\u00e3o.\u201d<\/p>\n\n\n\n<p>No entanto, a economia de R$ 1,071 trilh\u00e3o do parecer aprovado ontem na Comiss\u00e3o Especial, e comemorada pelos investidores, deve sofrer desidrata\u00e7\u00e3o com os ajustes que ter\u00e3o de ser feitos nas negocia\u00e7\u00f5es para a primeira vota\u00e7\u00e3o no plen\u00e1rio da C\u00e2mara, prevista para ocorrer na semana que vem. As bancadas ruralista e da bala querem altera\u00e7\u00f5es para manter o fim das isen\u00e7\u00f5es \u00e0s exporta\u00e7\u00f5es agr\u00edcolas e suavizar as regras para policiais federais, rodovi\u00e1rios federais e legislativos.<\/p>\n\n\n\n<p><\/p>\n\n\n\n<p>wscom<\/p>\n","protected":false},"excerpt":{"rendered":"<p>O&nbsp;ministro da Economia, Paulo Guedes, minimizou na quinta-feira (4), o posicionamento do presidente Jair Bolsonaro (PSL), que tentou emplacar regras mais suaves na reforma da&hellip; <\/p>\n","protected":false},"author":2,"featured_media":102859,"comment_status":"closed","ping_status":"closed","sticky":false,"template":"","format":"standard","meta":{"sfsi_plus_gutenberg_text_before_share":"","sfsi_plus_gutenberg_show_text_before_share":"","sfsi_plus_gutenberg_icon_type":"","sfsi_plus_gutenberg_icon_alignemt":"","sfsi_plus_gutenburg_max_per_row":"","footnotes":""},"categories":[11],"tags":[],"class_list":["post-103491","post","type-post","status-publish","format-standard","has-post-thumbnail","hentry","category-politica"],"_links":{"self":[{"href":"https:\/\/www.caririemacao.com\/1\/wp-json\/wp\/v2\/posts\/103491","targetHints":{"allow":["GET"]}}],"collection":[{"href":"https:\/\/www.caririemacao.com\/1\/wp-json\/wp\/v2\/posts"}],"about":[{"href":"https:\/\/www.caririemacao.com\/1\/wp-json\/wp\/v2\/types\/post"}],"author":[{"embeddable":true,"href":"https:\/\/www.caririemacao.com\/1\/wp-json\/wp\/v2\/users\/2"}],"replies":[{"embeddable":true,"href":"https:\/\/www.caririemacao.com\/1\/wp-json\/wp\/v2\/comments?post=103491"}],"version-history":[{"count":1,"href":"https:\/\/www.caririemacao.com\/1\/wp-json\/wp\/v2\/posts\/103491\/revisions"}],"predecessor-version":[{"id":103492,"href":"https:\/\/www.caririemacao.com\/1\/wp-json\/wp\/v2\/posts\/103491\/revisions\/103492"}],"wp:featuredmedia":[{"embeddable":true,"href":"https:\/\/www.caririemacao.com\/1\/wp-json\/wp\/v2\/media\/102859"}],"wp:attachment":[{"href":"https:\/\/www.caririemacao.com\/1\/wp-json\/wp\/v2\/media?parent=103491"}],"wp:term":[{"taxonomy":"category","embeddable":true,"href":"https:\/\/www.caririemacao.com\/1\/wp-json\/wp\/v2\/categories?post=103491"},{"taxonomy":"post_tag","embeddable":true,"href":"https:\/\/www.caririemacao.com\/1\/wp-json\/wp\/v2\/tags?post=103491"}],"curies":[{"name":"wp","href":"https:\/\/api.w.org\/{rel}","templated":true}]}}