{"id":103493,"date":"2019-07-05T11:48:10","date_gmt":"2019-07-05T14:48:10","guid":{"rendered":"http:\/\/www.caririemacao.com\/1\/?p=103493"},"modified":"2019-07-05T11:48:10","modified_gmt":"2019-07-05T14:48:10","slug":"prefeito-inacio-nobrega-recebeu-o-diretor-regional-da-empaer-para-tratar-assuntos-relacionados-ao-amparo-cabra-fest","status":"publish","type":"post","link":"https:\/\/www.caririemacao.com\/1\/2019\/07\/05\/prefeito-inacio-nobrega-recebeu-o-diretor-regional-da-empaer-para-tratar-assuntos-relacionados-ao-amparo-cabra-fest\/","title":{"rendered":"Prefeito In\u00e1cio N\u00f3brega recebeu o Diretor Regional da EMPAER para tratar assuntos relacionados ao Amparo Cabra Fest"},"content":{"rendered":"\n<p> O prefeito In\u00e1cio N\u00f3brega recebeu na tarde desta quarta-feira (03), o diretor regional da EMPAER &#8211; Empresa Paraibana de Extens\u00e3o Rural, Valmir Azevedo.<\/p>\n\n\n\n<p><br>Na pauta, assunto referente ao apoio da empresa a mais uma edi\u00e7\u00e3o da Amparo Cabra Fest e aos projetos desenvolvidos no munic\u00edpio, sobretudo os que s\u00e3o financiados pelo Procase.<\/p>\n\n\n\n<p>Fonte:asscom<\/p>\n\n\n\n<p><\/p>\n\n\n\n<p>festpb<br><\/p>\n","protected":false},"excerpt":{"rendered":"<p>O prefeito In\u00e1cio N\u00f3brega recebeu na tarde desta quarta-feira (03), o diretor regional da EMPAER &#8211; Empresa Paraibana de Extens\u00e3o Rural, Valmir Azevedo. Na pauta,&hellip; <\/p>\n","protected":false},"author":2,"featured_media":92198,"comment_status":"closed","ping_status":"closed","sticky":false,"template":"","format":"standard","meta":{"sfsi_plus_gutenberg_text_before_share":"","sfsi_plus_gutenberg_show_text_before_share":"","sfsi_plus_gutenberg_icon_type":"","sfsi_plus_gutenberg_icon_alignemt":"","sfsi_plus_gutenburg_max_per_row":"","footnotes":""},"categories":[6,50],"tags":[],"class_list":["post-103493","post","type-post","status-publish","format-standard","has-post-thumbnail","hentry","category-cidades","category-destaque"],"_links":{"self":[{"href":"https:\/\/www.caririemacao.com\/1\/wp-json\/wp\/v2\/posts\/103493","targetHints":{"allow":["GET"]}}],"collection":[{"href":"https:\/\/www.caririemacao.com\/1\/wp-json\/wp\/v2\/posts"}],"about":[{"href":"https:\/\/www.caririemacao.com\/1\/wp-json\/wp\/v2\/types\/post"}],"author":[{"embeddable":true,"href":"https:\/\/www.caririemacao.com\/1\/wp-json\/wp\/v2\/users\/2"}],"replies":[{"embeddable":true,"href":"https:\/\/www.caririemacao.com\/1\/wp-json\/wp\/v2\/comments?post=103493"}],"version-history":[{"count":1,"href":"https:\/\/www.caririemacao.com\/1\/wp-json\/wp\/v2\/posts\/103493\/revisions"}],"predecessor-version":[{"id":103494,"href":"https:\/\/www.caririemacao.com\/1\/wp-json\/wp\/v2\/posts\/103493\/revisions\/103494"}],"wp:featuredmedia":[{"embeddable":true,"href":"https:\/\/www.caririemacao.com\/1\/wp-json\/wp\/v2\/media\/92198"}],"wp:attachment":[{"href":"https:\/\/www.caririemacao.com\/1\/wp-json\/wp\/v2\/media?parent=103493"}],"wp:term":[{"taxonomy":"category","embeddable":true,"href":"https:\/\/www.caririemacao.com\/1\/wp-json\/wp\/v2\/categories?post=103493"},{"taxonomy":"post_tag","embeddable":true,"href":"https:\/\/www.caririemacao.com\/1\/wp-json\/wp\/v2\/tags?post=103493"}],"curies":[{"name":"wp","href":"https:\/\/api.w.org\/{rel}","templated":true}]}}