{"id":103495,"date":"2019-07-05T11:59:44","date_gmt":"2019-07-05T14:59:44","guid":{"rendered":"http:\/\/www.caririemacao.com\/1\/?p=103495"},"modified":"2019-07-05T11:59:44","modified_gmt":"2019-07-05T14:59:44","slug":"unb-deixa-de-adotar-sisu-como-forma-de-ingresso-na-universidade","status":"publish","type":"post","link":"https:\/\/www.caririemacao.com\/1\/2019\/07\/05\/unb-deixa-de-adotar-sisu-como-forma-de-ingresso-na-universidade\/","title":{"rendered":"UnB deixa de adotar Sisu como forma de ingresso na universidade"},"content":{"rendered":"\n<p>A Universidade de Bras\u00edlia (UnB) vai deixar de adotar o Sistema de Sele\u00e7\u00e3o Unificada (Sisu) como forma de ingresso nos cursos de gradua\u00e7\u00e3o, no primeiro semestre do ano (<strong>veja arte explicativa ao final<\/strong>).<\/p>\n\n\n\n<p>A partir de 2020, a institui\u00e7\u00e3o far\u00e1 um processo seletivo espec\u00edfico, em per\u00edodo anterior ao Sisu. O crit\u00e9rio de sele\u00e7\u00e3o, por\u00e9m, continuar\u00e1 sendo a nota do Exame Nacional do Ensino M\u00e9dio (Enem).<\/p>\n\n\n\n<p>Na pr\u00e1tica, o candidato ter\u00e1 que aplicar o resultado do Enem em um edital pr\u00f3prio da UnB, em vez de faz\u00ea-lo na plataforma do Minist\u00e9rio da Educa\u00e7\u00e3o (MEC). O quantitativo de vagas (de 25%) e o per\u00edodo de ingresso, no primeiro semestre letivo, est\u00e3o mantidos.<\/p>\n\n\n\n<figure class=\"wp-block-image\"><img decoding=\"async\" data-src=\"https:\/\/s2.glbimg.com\/UI9WrN4BbiO37ICZ89lKAtI1GMk=\/0x0:1700x1065\/984x0\/smart\/filters:strip_icc()\/i.s3.glbimg.com\/v1\/AUTH_59edd422c0c84a879bd37670ae4f538a\/internal_photos\/bs\/2018\/m\/T\/sLMK09QyiYknagZDF25w\/filas-icc-norte-unb-certa.jpg\" alt=\"Alunos formam longas filas para cadastro na Universidade de Bras\u00edlia.  \u2014 Foto: Luis Gustavo Prado\/Secom UnB\" src=\"data:image\/svg+xml;base64,PHN2ZyB3aWR0aD0iMSIgaGVpZ2h0PSIxIiB4bWxucz0iaHR0cDovL3d3dy53My5vcmcvMjAwMC9zdmciPjwvc3ZnPg==\" class=\"lazyload\" \/><\/figure>\n\n\n\n<p>Alunos formam longas filas para cadastro na Universidade de Bras\u00edlia. \u2014 Foto: Luis Gustavo Prado\/Secom UnB<\/p>\n\n\n\n<p><\/p>\n\n\n\n<p>Os candidatos do Programa de Avalia\u00e7\u00e3o Seriada (PAS) e do vestibular tamb\u00e9m n\u00e3o v\u00e3o poder mais mudar a pr\u00e9-op\u00e7\u00e3o de curso, turno ou campus \u2013 possibilidade ofertada desde 2016 pelo programa SISUnB.<\/p>\n\n\n\n<p>At\u00e9 este ano, era poss\u00edvel trocar completamente a pr\u00e9-escolha por meio do Sistema Informatizado de Sele\u00e7\u00e3o, ao ter acesso \u00e0 nota individual da prova, antes mesmo do resultado final.<\/p>\n\n\n\n<p>As medidas foram aprovadas pelo Conselho de Ensino, Pesquisa e Extens\u00e3o (Cepe) em reuni\u00e3o no dia 27 de junho. O primeiro edital do novo modelo de ingresso, por meio da nota do Enem, n\u00e3o tinha data prevista para sair at\u00e9 a publica\u00e7\u00e3o desta reportagem.<\/p>\n\n\n\n<h2 class=\"wp-block-heading\">Justificativas<\/h2>\n\n\n\n<figure class=\"wp-block-image\"><img decoding=\"async\" data-src=\"https:\/\/s2.glbimg.com\/k1iZwwflHGvifSlmzHBbbBhTPgc=\/0x0:2048x1365\/984x0\/smart\/filters:strip_icc()\/i.s3.glbimg.com\/v1\/AUTH_59edd422c0c84a879bd37670ae4f538a\/internal_photos\/bs\/2018\/F\/c\/BzNGyETQSoVeWiNOC1LA\/40481315434-ab636beac3-k.jpg\" alt=\"Alunos no Instituto Central de Ci\u00eancias (ICC) da Universidade de Bras\u00edlia (UnB) \u2014 Foto: Secom\/UnB\" src=\"data:image\/svg+xml;base64,PHN2ZyB3aWR0aD0iMSIgaGVpZ2h0PSIxIiB4bWxucz0iaHR0cDovL3d3dy53My5vcmcvMjAwMC9zdmciPjwvc3ZnPg==\" class=\"lazyload\" \/><\/figure>\n\n\n\n<p>Alunos no Instituto Central de Ci\u00eancias (ICC) da Universidade de Bras\u00edlia (UnB) \u2014 Foto: Secom\/UnB<\/p>\n\n\n\n<p>A mudan\u00e7a ocorre porque, segundo a UnB, havia incompatibilidade entre o calend\u00e1rio acad\u00eamico e o estabelecido pelo Minist\u00e9rio da Educa\u00e7\u00e3o (MEC), respons\u00e1vel pelo Sisu.<\/p>\n\n\n\n<p>Com a disparidade de prazos, a universidade afirma que os estudantes tinham tempo reduzido para se inscrever e os setores t\u00e9cnicos acabavam ficando sobrecarregados.<\/p>\n\n\n\n<figure class=\"wp-block-image\"><img decoding=\"async\" data-src=\"https:\/\/s2.glbimg.com\/ImSlR6NtDMQ1hkERvf61LDM90a0=\/0x0:2048x1365\/984x0\/smart\/filters:strip_icc()\/i.s3.glbimg.com\/v1\/AUTH_59edd422c0c84a879bd37670ae4f538a\/internal_photos\/bs\/2018\/H\/V\/kNLdhzQ4uXqrW7kbX8Pg\/unb.jpg\" alt=\"Alunos na entrada do campus Darcy Ribeiro da Universidade de Bras\u00edlia (UnB) \u2014 Foto: Secom\/UnB\" src=\"data:image\/svg+xml;base64,PHN2ZyB3aWR0aD0iMSIgaGVpZ2h0PSIxIiB4bWxucz0iaHR0cDovL3d3dy53My5vcmcvMjAwMC9zdmciPjwvc3ZnPg==\" class=\"lazyload\" \/><\/figure>\n\n\n\n<p>Alunos na entrada do campus Darcy Ribeiro da Universidade de Bras\u00edlia (UnB) \u2014 Foto: Secom\/UnB<\/p>\n\n\n\n<p>A UnB tamb\u00e9m aponta como justificativas para a decis\u00e3o a baixa demanda pelo programa e as altas taxas de evas\u00e3o dos estudantes que ingressam pelo Sisu.<\/p>\n\n\n\n<p>Segundo a universidade, todo ano s\u00e3o feitas &#8220;v\u00e1rias chamadas&#8221; para preencher as vagas dispon\u00edveis e isso acaba &#8220;prejudicando o semestre letivo&#8221;. A taxa de perman\u00eancia desses estudantes seria, ainda, 20% menor que a daqueles aprovados pelo PAS ou pelo vestibular.<\/p>\n\n\n\n<h2 class=\"wp-block-heading\"><strong>Formas de ingresso na UnB<\/strong><\/h2>\n\n\n\n<figure class=\"wp-block-image\"><img decoding=\"async\" data-src=\"https:\/\/s2.glbimg.com\/1Rcrq1hBaF8wCCfIS8gGRSuIemA=\/0x67:620x916\/984x0\/smart\/filters:strip_icc()\/i.s3.glbimg.com\/v1\/AUTH_59edd422c0c84a879bd37670ae4f538a\/internal_photos\/bs\/2019\/Z\/6\/AFRkaOSPScRuQyMHU2oQ\/formas-de-ingresso-unb.png\" alt=\"Formas de ingresso na Universidade de Bras\u00edlia (UnB) a partir de 2020 \u2014 Foto: Igor Outeiral\/Secom UnB\/Divulga\u00e7\u00e3o\" src=\"data:image\/svg+xml;base64,PHN2ZyB3aWR0aD0iMSIgaGVpZ2h0PSIxIiB4bWxucz0iaHR0cDovL3d3dy53My5vcmcvMjAwMC9zdmciPjwvc3ZnPg==\" class=\"lazyload\" \/><\/figure>\n\n\n\n<p>Formas de ingresso na Universidade de Bras\u00edlia (UnB) a partir de 2020 \u2014 Foto: Igor Outeiral\/Secom UnB\/Divulga\u00e7\u00e3o<\/p>\n\n\n\n<p><\/p>\n\n\n\n<p><br><\/p>\n\n\n\n<p><br><\/p>\n","protected":false},"excerpt":{"rendered":"<p>A Universidade de Bras\u00edlia (UnB) vai deixar de adotar o Sistema de Sele\u00e7\u00e3o Unificada (Sisu) como forma de ingresso nos cursos de gradua\u00e7\u00e3o, no primeiro&hellip; <\/p>\n","protected":false},"author":2,"featured_media":98016,"comment_status":"closed","ping_status":"closed","sticky":false,"template":"","format":"standard","meta":{"sfsi_plus_gutenberg_text_before_share":"","sfsi_plus_gutenberg_show_text_before_share":"","sfsi_plus_gutenberg_icon_type":"","sfsi_plus_gutenberg_icon_alignemt":"","sfsi_plus_gutenburg_max_per_row":"","footnotes":""},"categories":[14],"tags":[],"class_list":["post-103495","post","type-post","status-publish","format-standard","has-post-thumbnail","hentry","category-educacao"],"_links":{"self":[{"href":"https:\/\/www.caririemacao.com\/1\/wp-json\/wp\/v2\/posts\/103495","targetHints":{"allow":["GET"]}}],"collection":[{"href":"https:\/\/www.caririemacao.com\/1\/wp-json\/wp\/v2\/posts"}],"about":[{"href":"https:\/\/www.caririemacao.com\/1\/wp-json\/wp\/v2\/types\/post"}],"author":[{"embeddable":true,"href":"https:\/\/www.caririemacao.com\/1\/wp-json\/wp\/v2\/users\/2"}],"replies":[{"embeddable":true,"href":"https:\/\/www.caririemacao.com\/1\/wp-json\/wp\/v2\/comments?post=103495"}],"version-history":[{"count":1,"href":"https:\/\/www.caririemacao.com\/1\/wp-json\/wp\/v2\/posts\/103495\/revisions"}],"predecessor-version":[{"id":103501,"href":"https:\/\/www.caririemacao.com\/1\/wp-json\/wp\/v2\/posts\/103495\/revisions\/103501"}],"wp:featuredmedia":[{"embeddable":true,"href":"https:\/\/www.caririemacao.com\/1\/wp-json\/wp\/v2\/media\/98016"}],"wp:attachment":[{"href":"https:\/\/www.caririemacao.com\/1\/wp-json\/wp\/v2\/media?parent=103495"}],"wp:term":[{"taxonomy":"category","embeddable":true,"href":"https:\/\/www.caririemacao.com\/1\/wp-json\/wp\/v2\/categories?post=103495"},{"taxonomy":"post_tag","embeddable":true,"href":"https:\/\/www.caririemacao.com\/1\/wp-json\/wp\/v2\/tags?post=103495"}],"curies":[{"name":"wp","href":"https:\/\/api.w.org\/{rel}","templated":true}]}}