{"id":103504,"date":"2019-07-05T12:13:59","date_gmt":"2019-07-05T15:13:59","guid":{"rendered":"http:\/\/www.caririemacao.com\/1\/?p=103504"},"modified":"2019-07-05T12:13:59","modified_gmt":"2019-07-05T15:13:59","slug":"jovem-morre-afogada-em-um-acude-no-sertao-paraibano","status":"publish","type":"post","link":"https:\/\/www.caririemacao.com\/1\/2019\/07\/05\/jovem-morre-afogada-em-um-acude-no-sertao-paraibano\/","title":{"rendered":"Jovem morre afogada em um a\u00e7ude no Sert\u00e3o paraibano"},"content":{"rendered":"\n<p>Uma jovem de 18 anos morreu afogada, nesta quinta-feira (4), em um a\u00e7ude, na regi\u00e3o de Patos, Sert\u00e3o paraibano.&nbsp;Jaqueline Monteiro tinha sa\u00eddo de casa, no s\u00edtio Alagamar, onde morava com o av\u00f4, e foi encontrada sem vida, \u00e0s margens do a\u00e7ude Engenheiro Arcoverde.&nbsp;<\/p>\n\n\n\n<p>De acordo com informa\u00e7\u00f5es da Pol\u00edcia Militar, a jovem era portadora de necessidades especiais.<\/p>\n\n\n\n<p>O corpo de Jaqueline\u00a0foi encaminhado para o Numol para a realiza\u00e7\u00e3o de exame cadav\u00e9rico.<\/p>\n\n\n\n<p><\/p>\n\n\n\n<p>clickpb<\/p>\n","protected":false},"excerpt":{"rendered":"<p>Uma jovem de 18 anos morreu afogada, nesta quinta-feira (4), em um a\u00e7ude, na regi\u00e3o de Patos, Sert\u00e3o paraibano.&nbsp;Jaqueline Monteiro tinha sa\u00eddo de casa, no&hellip; <\/p>\n","protected":false},"author":2,"featured_media":103505,"comment_status":"closed","ping_status":"closed","sticky":false,"template":"","format":"standard","meta":{"sfsi_plus_gutenberg_text_before_share":"","sfsi_plus_gutenberg_show_text_before_share":"","sfsi_plus_gutenberg_icon_type":"","sfsi_plus_gutenberg_icon_alignemt":"","sfsi_plus_gutenburg_max_per_row":"","footnotes":""},"categories":[6],"tags":[],"class_list":["post-103504","post","type-post","status-publish","format-standard","has-post-thumbnail","hentry","category-cidades"],"_links":{"self":[{"href":"https:\/\/www.caririemacao.com\/1\/wp-json\/wp\/v2\/posts\/103504","targetHints":{"allow":["GET"]}}],"collection":[{"href":"https:\/\/www.caririemacao.com\/1\/wp-json\/wp\/v2\/posts"}],"about":[{"href":"https:\/\/www.caririemacao.com\/1\/wp-json\/wp\/v2\/types\/post"}],"author":[{"embeddable":true,"href":"https:\/\/www.caririemacao.com\/1\/wp-json\/wp\/v2\/users\/2"}],"replies":[{"embeddable":true,"href":"https:\/\/www.caririemacao.com\/1\/wp-json\/wp\/v2\/comments?post=103504"}],"version-history":[{"count":1,"href":"https:\/\/www.caririemacao.com\/1\/wp-json\/wp\/v2\/posts\/103504\/revisions"}],"predecessor-version":[{"id":103506,"href":"https:\/\/www.caririemacao.com\/1\/wp-json\/wp\/v2\/posts\/103504\/revisions\/103506"}],"wp:featuredmedia":[{"embeddable":true,"href":"https:\/\/www.caririemacao.com\/1\/wp-json\/wp\/v2\/media\/103505"}],"wp:attachment":[{"href":"https:\/\/www.caririemacao.com\/1\/wp-json\/wp\/v2\/media?parent=103504"}],"wp:term":[{"taxonomy":"category","embeddable":true,"href":"https:\/\/www.caririemacao.com\/1\/wp-json\/wp\/v2\/categories?post=103504"},{"taxonomy":"post_tag","embeddable":true,"href":"https:\/\/www.caririemacao.com\/1\/wp-json\/wp\/v2\/tags?post=103504"}],"curies":[{"name":"wp","href":"https:\/\/api.w.org\/{rel}","templated":true}]}}