{"id":103507,"date":"2019-07-05T12:53:46","date_gmt":"2019-07-05T15:53:46","guid":{"rendered":"http:\/\/www.caririemacao.com\/1\/?p=103507"},"modified":"2019-07-05T12:53:46","modified_gmt":"2019-07-05T15:53:46","slug":"dancarina-de-banda-morre-durante-acao-policial-em-irece","status":"publish","type":"post","link":"https:\/\/www.caririemacao.com\/1\/2019\/07\/05\/dancarina-de-banda-morre-durante-acao-policial-em-irece\/","title":{"rendered":"Dan\u00e7arina de banda morre durante a\u00e7\u00e3o policial em Irec\u00ea"},"content":{"rendered":"\n<p> A dan\u00e7arina da banda Sala de Reboco morreu ap\u00f3s ser baleada no in\u00edcio da madrugada desta sexta-feira (05), em Irec\u00ea. Outros integrantes do grupo tamb\u00e9m foram atingidos pelos tiros. Segundo a Pol\u00edcia Civil, uma Guarni\u00e7\u00e3o da Rondesp (Rondas Especiais) avistou um ve\u00edculo Toyota SW4, cor preta, e solicitou a parada do ve\u00edculo, mas o condutor n\u00e3o obedeceu. <\/p>\n\n\n\n<p>A fim de interceptar o carro, os policiais pediram apoio a uma equipe da Companhia de Emprego T\u00e1tico Operacional (CETO) do 7\u00ba Batalh\u00e3o da Pol\u00edcia Militar.\u00a0Ainda conforme a nota, o motorista n\u00e3o atendeu a ordem de parada e fugiu, momento que os militares efetuaram disparos contra o ve\u00edculo. <\/p>\n\n\n\n<p>Foram atingidos Joelma Rios (vocalista), Gabriela Moura (dan\u00e7arina), Suelen Sodr\u00e9 Mendon\u00e7a Pinheiro (dan\u00e7arina) e Elieselson Possid\u00f4nio (sanfoneiro), que foram socorridos ao Hospital Regional de Irec\u00ea. Gabriela n\u00e3o resistiu aos ferimentos e morreu na sala de cirurgia da unidade.<\/p>\n\n\n\n<p>\u00a0Suelem foi atendida e liberada. N\u00e3o h\u00e1 informa\u00e7\u00e3o sobre o estado de sa\u00fade dos outros integrantes da banda Sala de Reboco. De acordo com a Pol\u00edcia Civil,\u00a0 condutor do ve\u00edculo, Cl\u00e1udio Pereira Batista n\u00e3o foi atingido e foi apresentado \u00e0 Delegacia Regional de Pol\u00edcia Civil por conduzir ve\u00edculo sob efeito de \u00e1lcool.\u00a0A Pol\u00edcia Civil apura o caso. <\/p>\n\n\n\n<p>O Central Not\u00edcia tentou contato com a assessoria de imprensa da banda, mas at\u00e9 o fechamento dessa reportagem n\u00e3o havia conseguido retorno. A Pol\u00edcia Militar ainda n\u00e3o se pronunciou.\u00a0<\/p>\n\n\n\n<p>Vers\u00e3o da v\u00edtimas<\/p>\n\n\n\n<p>\u00a0Em entrevista a uma r\u00e1dio local, a cantora da banda negou que haviam fugido da abordagem policial e disse que a viatura da Rondesp n\u00e3o acionou o giroflex e sirene para que eles pudessem notar que se tratava da pol\u00edcia.<\/p>\n\n\n\n<p> A cantora disse ainda que n\u00e3o houve ordem de parada e que todos fugiram com medo por acreditar que estavam sendo perseguidos por bandidos, visto que n\u00e3o identificaram se tratar da pol\u00edcia.\u00a0 <\/p>\n","protected":false},"excerpt":{"rendered":"<p>A dan\u00e7arina da banda Sala de Reboco morreu ap\u00f3s ser baleada no in\u00edcio da madrugada desta sexta-feira (05), em Irec\u00ea. Outros integrantes do grupo tamb\u00e9m&hellip; <\/p>\n","protected":false},"author":2,"featured_media":103508,"comment_status":"closed","ping_status":"closed","sticky":false,"template":"","format":"standard","meta":{"sfsi_plus_gutenberg_text_before_share":"","sfsi_plus_gutenberg_show_text_before_share":"","sfsi_plus_gutenberg_icon_type":"","sfsi_plus_gutenberg_icon_alignemt":"","sfsi_plus_gutenburg_max_per_row":"","footnotes":""},"categories":[6,50,12],"tags":[],"class_list":["post-103507","post","type-post","status-publish","format-standard","has-post-thumbnail","hentry","category-cidades","category-destaque","category-policia"],"_links":{"self":[{"href":"https:\/\/www.caririemacao.com\/1\/wp-json\/wp\/v2\/posts\/103507","targetHints":{"allow":["GET"]}}],"collection":[{"href":"https:\/\/www.caririemacao.com\/1\/wp-json\/wp\/v2\/posts"}],"about":[{"href":"https:\/\/www.caririemacao.com\/1\/wp-json\/wp\/v2\/types\/post"}],"author":[{"embeddable":true,"href":"https:\/\/www.caririemacao.com\/1\/wp-json\/wp\/v2\/users\/2"}],"replies":[{"embeddable":true,"href":"https:\/\/www.caririemacao.com\/1\/wp-json\/wp\/v2\/comments?post=103507"}],"version-history":[{"count":1,"href":"https:\/\/www.caririemacao.com\/1\/wp-json\/wp\/v2\/posts\/103507\/revisions"}],"predecessor-version":[{"id":103509,"href":"https:\/\/www.caririemacao.com\/1\/wp-json\/wp\/v2\/posts\/103507\/revisions\/103509"}],"wp:featuredmedia":[{"embeddable":true,"href":"https:\/\/www.caririemacao.com\/1\/wp-json\/wp\/v2\/media\/103508"}],"wp:attachment":[{"href":"https:\/\/www.caririemacao.com\/1\/wp-json\/wp\/v2\/media?parent=103507"}],"wp:term":[{"taxonomy":"category","embeddable":true,"href":"https:\/\/www.caririemacao.com\/1\/wp-json\/wp\/v2\/categories?post=103507"},{"taxonomy":"post_tag","embeddable":true,"href":"https:\/\/www.caririemacao.com\/1\/wp-json\/wp\/v2\/tags?post=103507"}],"curies":[{"name":"wp","href":"https:\/\/api.w.org\/{rel}","templated":true}]}}