{"id":103511,"date":"2019-07-05T13:24:56","date_gmt":"2019-07-05T16:24:56","guid":{"rendered":"http:\/\/www.caririemacao.com\/1\/?p=103511"},"modified":"2019-07-05T13:30:40","modified_gmt":"2019-07-05T16:30:40","slug":"amazan-e-gil-camargo-abrem-sao-pedro-de-caraubas","status":"publish","type":"post","link":"https:\/\/www.caririemacao.com\/1\/2019\/07\/05\/amazan-e-gil-camargo-abrem-sao-pedro-de-caraubas\/","title":{"rendered":"Amazan e Gil Camargo abrem S\u00e3o Pedro de Cara\u00fabas"},"content":{"rendered":"\n<p>A\u00a0cidade de Cara\u00fabas deu in\u00edcio na noite desta quinta-feira, dia 04 de julho, a sua tradicional Festa de S\u00e3o Pedro, promovendo uma grande festa no Arrai\u00e1 Duduz\u00e3o. <\/p>\n\n\n\n<figure class=\"wp-block-image\"><img fetchpriority=\"high\" decoding=\"async\" width=\"960\" height=\"640\" src=\"http:\/\/www.caririemacao.com\/1\/wp-content\/uploads\/2019\/07\/CARAUBAS.jpg\" alt=\"\" class=\"wp-image-103518\" srcset=\"https:\/\/www.caririemacao.com\/1\/wp-content\/uploads\/2019\/07\/CARAUBAS.jpg 960w, https:\/\/www.caririemacao.com\/1\/wp-content\/uploads\/2019\/07\/CARAUBAS-300x200.jpg 300w, https:\/\/www.caririemacao.com\/1\/wp-content\/uploads\/2019\/07\/CARAUBAS-768x512.jpg 768w\" sizes=\"(max-width: 960px) 100vw, 960px\" \/><\/figure>\n\n\n\n<p>O primeiro dia foi marcado pelo encerramento do Arrai\u00e1 Duduz\u00e3o com apresenta\u00e7\u00e3o de um grupo do SCFV. O Arraial foi uma ideia do prefeito Silvano Dudu e traz shows desde os dias de S\u00e3o Jo\u00e3o em um palho\u00e7\u00e3o constru\u00eddo no centro da cidade.<\/p>\n\n\n\n<figure class=\"wp-block-image\"><img decoding=\"async\" width=\"960\" height=\"640\" data-src=\"http:\/\/www.caririemacao.com\/1\/wp-content\/uploads\/2019\/07\/65948253_1589232204546130_22529182231691264_n.jpg\" alt=\"\" class=\"wp-image-103519 lazyload\" data-srcset=\"https:\/\/www.caririemacao.com\/1\/wp-content\/uploads\/2019\/07\/65948253_1589232204546130_22529182231691264_n.jpg 960w, https:\/\/www.caririemacao.com\/1\/wp-content\/uploads\/2019\/07\/65948253_1589232204546130_22529182231691264_n-300x200.jpg 300w, https:\/\/www.caririemacao.com\/1\/wp-content\/uploads\/2019\/07\/65948253_1589232204546130_22529182231691264_n-768x512.jpg 768w\" data-sizes=\"(max-width: 960px) 100vw, 960px\" src=\"data:image\/svg+xml;base64,PHN2ZyB3aWR0aD0iMSIgaGVpZ2h0PSIxIiB4bWxucz0iaHR0cDovL3d3dy53My5vcmcvMjAwMC9zdmciPjwvc3ZnPg==\" style=\"--smush-placeholder-width: 960px; --smush-placeholder-aspect-ratio: 960\/640;\" \/><\/figure>\n\n\n\n<p>Para animar a noite, estiveram no palco Gil Camargo e Amazan que arrastaram uma multid\u00e3o para a cidade de Cara\u00fabas.<\/p>\n\n\n\n<figure class=\"wp-block-image\"><img decoding=\"async\" width=\"960\" height=\"640\" data-src=\"http:\/\/www.caririemacao.com\/1\/wp-content\/uploads\/2019\/07\/66331770_1589232161212801_8790581724468740096_n.jpg\" alt=\"\" class=\"wp-image-103520 lazyload\" data-srcset=\"https:\/\/www.caririemacao.com\/1\/wp-content\/uploads\/2019\/07\/66331770_1589232161212801_8790581724468740096_n.jpg 960w, https:\/\/www.caririemacao.com\/1\/wp-content\/uploads\/2019\/07\/66331770_1589232161212801_8790581724468740096_n-300x200.jpg 300w, https:\/\/www.caririemacao.com\/1\/wp-content\/uploads\/2019\/07\/66331770_1589232161212801_8790581724468740096_n-768x512.jpg 768w\" data-sizes=\"(max-width: 960px) 100vw, 960px\" src=\"data:image\/svg+xml;base64,PHN2ZyB3aWR0aD0iMSIgaGVpZ2h0PSIxIiB4bWxucz0iaHR0cDovL3d3dy53My5vcmcvMjAwMC9zdmciPjwvc3ZnPg==\" style=\"--smush-placeholder-width: 960px; --smush-placeholder-aspect-ratio: 960\/640;\" \/><\/figure>\n\n\n\n<p>Segundo o prefeito Silvano, a programa\u00e7\u00e3o da Festa de S\u00e3o\nPedro continua nesta sexta e s\u00e1bado. Na sexta sobem ao palco os cantores\nAlisson Levado, Adriano Silva, Gilsinho do Acordeon e Forr\u00f3 Pesado. <\/p>\n\n\n\n<p>No s\u00e1bado ser\u00e1 a vez do fen\u00f4meno Pedrinho Pega\u00e7\u00e3o, Forr\u00f3 Gente Boa e Gil Camargo.<\/p>\n\n\n\n<p><a href=\"https:\/\/www.facebook.com\/pg\/CaririEmAcao\/photos\/?tab=album&amp;album_id=1589219864547364\">CLIQUE AQUI E VEJA TODAS AS FOTOS.<\/a><\/p>\n","protected":false},"excerpt":{"rendered":"<p>A\u00a0cidade de Cara\u00fabas deu in\u00edcio na noite desta quinta-feira, dia 04 de julho, a sua tradicional Festa de S\u00e3o Pedro, promovendo uma grande festa no&hellip; <\/p>\n","protected":false},"author":2,"featured_media":103512,"comment_status":"closed","ping_status":"closed","sticky":false,"template":"","format":"standard","meta":{"sfsi_plus_gutenberg_text_before_share":"","sfsi_plus_gutenberg_show_text_before_share":"","sfsi_plus_gutenberg_icon_type":"","sfsi_plus_gutenberg_icon_alignemt":"","sfsi_plus_gutenburg_max_per_row":"","footnotes":""},"categories":[6,50],"tags":[],"class_list":["post-103511","post","type-post","status-publish","format-standard","has-post-thumbnail","hentry","category-cidades","category-destaque"],"_links":{"self":[{"href":"https:\/\/www.caririemacao.com\/1\/wp-json\/wp\/v2\/posts\/103511","targetHints":{"allow":["GET"]}}],"collection":[{"href":"https:\/\/www.caririemacao.com\/1\/wp-json\/wp\/v2\/posts"}],"about":[{"href":"https:\/\/www.caririemacao.com\/1\/wp-json\/wp\/v2\/types\/post"}],"author":[{"embeddable":true,"href":"https:\/\/www.caririemacao.com\/1\/wp-json\/wp\/v2\/users\/2"}],"replies":[{"embeddable":true,"href":"https:\/\/www.caririemacao.com\/1\/wp-json\/wp\/v2\/comments?post=103511"}],"version-history":[{"count":3,"href":"https:\/\/www.caririemacao.com\/1\/wp-json\/wp\/v2\/posts\/103511\/revisions"}],"predecessor-version":[{"id":103521,"href":"https:\/\/www.caririemacao.com\/1\/wp-json\/wp\/v2\/posts\/103511\/revisions\/103521"}],"wp:featuredmedia":[{"embeddable":true,"href":"https:\/\/www.caririemacao.com\/1\/wp-json\/wp\/v2\/media\/103512"}],"wp:attachment":[{"href":"https:\/\/www.caririemacao.com\/1\/wp-json\/wp\/v2\/media?parent=103511"}],"wp:term":[{"taxonomy":"category","embeddable":true,"href":"https:\/\/www.caririemacao.com\/1\/wp-json\/wp\/v2\/categories?post=103511"},{"taxonomy":"post_tag","embeddable":true,"href":"https:\/\/www.caririemacao.com\/1\/wp-json\/wp\/v2\/tags?post=103511"}],"curies":[{"name":"wp","href":"https:\/\/api.w.org\/{rel}","templated":true}]}}