{"id":103522,"date":"2019-07-05T16:13:37","date_gmt":"2019-07-05T19:13:37","guid":{"rendered":"http:\/\/www.caririemacao.com\/1\/?p=103522"},"modified":"2019-07-05T16:13:37","modified_gmt":"2019-07-05T19:13:37","slug":"homem-e-condenado-a-pena-de-detencao-por-trancar-funcionaria-em-loja-por-divida-na-pb-diz-tj","status":"publish","type":"post","link":"https:\/\/www.caririemacao.com\/1\/2019\/07\/05\/homem-e-condenado-a-pena-de-detencao-por-trancar-funcionaria-em-loja-por-divida-na-pb-diz-tj\/","title":{"rendered":"Homem \u00e9 condenado a pena de deten\u00e7\u00e3o por trancar funcion\u00e1ria em loja por d\u00edvida, na PB, diz TJ"},"content":{"rendered":"\n<p>Um homem foi condenado a um ano e tr\u00eas meses de deten\u00e7\u00e3o, por ter trancado dentro da loja dele uma funcion\u00e1ria, com o objetivo de cobrar uma d\u00edvida, conforme divulgado pelo Tribunal de Justi\u00e7a da Para\u00edba (TJPB), nesta quinta-feira (5). O caso aconteceu em 2016, no munic\u00edpio de Jeric\u00f3, no Sert\u00e3o paraibano. A senten\u00e7a &#8211; pelos crimes de c\u00e1rcere privado, les\u00e3o corporal e amea\u00e7a &#8211; foi da 3\u00aa Vara Mista, em Catol\u00e9 do Rocha.<\/p>\n\n\n\n<p>De acordo com o TJ, a den\u00fancia do Minist\u00e9rio P\u00fablico Estadual aponta que, no momento em que a mulher foi at\u00e9 a porta do estabelecimento para tentar sair, o propriet\u00e1rio a agrediu, puxou pelo bra\u00e7o e a empurrou para que ficasse sentada. Em seguida, ela pegou o celular, mas foi contida pelo patr\u00e3o, que puxou a bolsa e pegou o aparelho.<\/p>\n\n\n\n<p>A v\u00edtima declarou, em depoimento, segundo o Tribunal, que o acusado era o patr\u00e3o dela. A funcion\u00e1ria contou que o homem afirmou que, caso ela n\u00e3o pagasse a d\u00edvida, ele a expulsaria da cidade, chegando a amea\u00e7ar bater nela. Ela explicou ainda que pedia para sair da loja, mas era impedida.<\/p>\n\n\n\n<p>J\u00e1 o condenado negou, durante o interrogat\u00f3rio, ter amea\u00e7ado ou machucado a v\u00edtima. Contudo, conforme o Tribunal, posteriormente ele confessou ter dito que a mulher merecia ser expulsa da cidade, al\u00e9m de t\u00ea-la impedido de sair da loja. Entretanto, negou ter ficado com o celular dela.<\/p>\n\n\n\n<p>Na decis\u00e3o, o juiz Renato Levi Dantas Jales pontuou que provas confirmaram a vers\u00e3o da funcion\u00e1ria e mostram que o homem trancou a porta da loja, fazendo com que ela permanecesse no local por cerca de 40 minutos. Entretanto, ele ainda pode recorrer da decis\u00e3o.<\/p>\n\n\n\n<p><\/p>\n\n\n\n<p>G1<\/p>\n","protected":false},"excerpt":{"rendered":"<p>Um homem foi condenado a um ano e tr\u00eas meses de deten\u00e7\u00e3o, por ter trancado dentro da loja dele uma funcion\u00e1ria, com o objetivo de&hellip; <\/p>\n","protected":false},"author":2,"featured_media":86019,"comment_status":"closed","ping_status":"closed","sticky":false,"template":"","format":"standard","meta":{"sfsi_plus_gutenberg_text_before_share":"","sfsi_plus_gutenberg_show_text_before_share":"","sfsi_plus_gutenberg_icon_type":"","sfsi_plus_gutenberg_icon_alignemt":"","sfsi_plus_gutenburg_max_per_row":"","footnotes":""},"categories":[12],"tags":[],"class_list":["post-103522","post","type-post","status-publish","format-standard","has-post-thumbnail","hentry","category-policia"],"_links":{"self":[{"href":"https:\/\/www.caririemacao.com\/1\/wp-json\/wp\/v2\/posts\/103522","targetHints":{"allow":["GET"]}}],"collection":[{"href":"https:\/\/www.caririemacao.com\/1\/wp-json\/wp\/v2\/posts"}],"about":[{"href":"https:\/\/www.caririemacao.com\/1\/wp-json\/wp\/v2\/types\/post"}],"author":[{"embeddable":true,"href":"https:\/\/www.caririemacao.com\/1\/wp-json\/wp\/v2\/users\/2"}],"replies":[{"embeddable":true,"href":"https:\/\/www.caririemacao.com\/1\/wp-json\/wp\/v2\/comments?post=103522"}],"version-history":[{"count":1,"href":"https:\/\/www.caririemacao.com\/1\/wp-json\/wp\/v2\/posts\/103522\/revisions"}],"predecessor-version":[{"id":103523,"href":"https:\/\/www.caririemacao.com\/1\/wp-json\/wp\/v2\/posts\/103522\/revisions\/103523"}],"wp:featuredmedia":[{"embeddable":true,"href":"https:\/\/www.caririemacao.com\/1\/wp-json\/wp\/v2\/media\/86019"}],"wp:attachment":[{"href":"https:\/\/www.caririemacao.com\/1\/wp-json\/wp\/v2\/media?parent=103522"}],"wp:term":[{"taxonomy":"category","embeddable":true,"href":"https:\/\/www.caririemacao.com\/1\/wp-json\/wp\/v2\/categories?post=103522"},{"taxonomy":"post_tag","embeddable":true,"href":"https:\/\/www.caririemacao.com\/1\/wp-json\/wp\/v2\/tags?post=103522"}],"curies":[{"name":"wp","href":"https:\/\/api.w.org\/{rel}","templated":true}]}}