{"id":103524,"date":"2019-07-05T16:16:55","date_gmt":"2019-07-05T19:16:55","guid":{"rendered":"http:\/\/www.caririemacao.com\/1\/?p=103524"},"modified":"2019-07-05T16:16:55","modified_gmt":"2019-07-05T19:16:55","slug":"mpf-investiga-instituto-que-oferecia-cursos-superiores-sem-autorizacao-do-mec-na-paraiba","status":"publish","type":"post","link":"https:\/\/www.caririemacao.com\/1\/2019\/07\/05\/mpf-investiga-instituto-que-oferecia-cursos-superiores-sem-autorizacao-do-mec-na-paraiba\/","title":{"rendered":"MPF investiga instituto que oferecia cursos superiores sem autoriza\u00e7\u00e3o do MEC na Para\u00edba"},"content":{"rendered":"\n<p>A atua\u00e7\u00e3o de um institui\u00e7\u00e3o de ensino superior particular est\u00e1 sendo investigada pelo Minist\u00e9rio P\u00fablico Federal na Para\u00edba (MPF-PB) por suspeitas de irregularidades na cidade de Pombal, a 371 km de Jo\u00e3o Pessoa. A abertura do inqu\u00e9rito civil do MPF foi publicado no Di\u00e1rio Eletr\u00f4nico desta sexta-feira (5).<\/p>\n\n\n\n<p>O&nbsp;<strong>G1<\/strong>&nbsp;entrou em contato por telefone com o respons\u00e1vel pelo Instituto Belchior e foi informado que n\u00e3o poderia responder no momento da liga\u00e7\u00e3o por estar em deslocamento em uma viagem. At\u00e9 a publica\u00e7\u00e3o desta reportagem n\u00e3o havia sido dado retorno pelo respons\u00e1vel.<\/p>\n\n\n\n<p>Conforme publica\u00e7\u00e3o do MPF, assinada pelo procurador Anderson Danillo Pereira Lima, a institui\u00e7\u00e3o de ensino, identificada como Institui\u00e7\u00e3o Belchior, foi denunciada por oferecer servi\u00e7os educacionais de n\u00edvel superior sem o devido credenciamento. A den\u00fancia em quest\u00e3o foi apresentada em maio de 2018 na procuradoria da Rep\u00fablica na cidade de Sousa.<\/p>\n\n\n\n<figure class=\"wp-block-image\"><img decoding=\"async\" data-src=\"https:\/\/s2.glbimg.com\/pfu9YCjZs9G3O3OaH__eYjazNnA=\/0x0:1600x899\/984x0\/smart\/filters:strip_icc()\/i.s3.glbimg.com\/v1\/AUTH_59edd422c0c84a879bd37670ae4f538a\/internal_photos\/bs\/2019\/P\/1\/6FJgR4R7AQhIGOoy8kcg\/procedimento-instituto-belchior-mpf-pb.jpg\" alt=\"Convers\u00e3o do inqu\u00e9rito foi publicado no Di\u00e1rio Eletr\u00f4nico do MPF desta sexta-feira (5)  \u2014 Foto: Reprodu\u00e7\u00e3o\" src=\"data:image\/svg+xml;base64,PHN2ZyB3aWR0aD0iMSIgaGVpZ2h0PSIxIiB4bWxucz0iaHR0cDovL3d3dy53My5vcmcvMjAwMC9zdmciPjwvc3ZnPg==\" class=\"lazyload\" \/><\/figure>\n\n\n\n<p>Convers\u00e3o do inqu\u00e9rito foi publicado no Di\u00e1rio Eletr\u00f4nico do MPF desta sexta-feira (5) \u2014 Foto: Reprodu\u00e7\u00e3o<\/p>\n\n\n\n<p>Em consulta ao site do E-Mec, ficou constatado que a institui\u00e7\u00e3o de ensino, registrada como Magno Hebreus Belchior Pires e localizada no Centro de Pombal, n\u00e3o possui v\u00ednculo no Minist\u00e9rio da Educa\u00e7\u00e3o para oferecer cursos de n\u00edvel superior no estado.<\/p>\n\n\n\n<h2 class=\"wp-block-heading\">Problemas em Pernambuco<\/h2>\n\n\n\n<p>O mesmo estabelecimento, em 2016,&nbsp;<a href=\"http:\/\/www.mpf.mp.br\/pe\/sala-de-imprensa\/noticias-pe\/mpf-pe-firma-acordo-para-que-estudantes-do-instituto-belchior-recebam-bolsas-de-estudo\" target=\"_blank\" rel=\"noreferrer noopener\">firmou um Termo de Ajustamento de Conduta (TAC) com o MPF em Pernambuco por irregularidades semelhantes<\/a>&nbsp;investigadas na Para\u00edba. De acordo com o MPF de Pernambuco, na cidade de Goiana, o Instituto Belchior gerou dano aos estudantes ao oferecer cursos livres com nomes parecidos aos de cursos de gradua\u00e7\u00e3o.<\/p>\n\n\n\n<p>Al\u00e9m do problema na publicidade dos cursos, a institui\u00e7\u00e3o foi investigada por ofertar cursos de gradua\u00e7\u00e3o a dist\u00e2ncia sem o formato exigido pelo MEC sob um v\u00ednculo n\u00e3o autorizado por uma outra institui\u00e7\u00e3o sediada em S\u00e3o Paulo. O Instituto Belchior assumiu, \u00e0 \u00e9poca, o compromisso para que estudantes dos cursos de servi\u00e7o social e de pedagogia recebessem bolsa de estudo.<\/p>\n\n\n\n<h2 class=\"wp-block-heading\">Den\u00fancia em S\u00e3o Bento em 2014<\/h2>\n\n\n\n<p>A primeira den\u00fancia envolvendo o Instituto Belchior na Para\u00edba surgiu em mar\u00e7o de 2014, quando um estudante de um curso na modalidade EAD representou duas institui\u00e7\u00f5es \u00e0 MPF por suspeitas de irregularidades. A Faculdade Evang\u00e9lica Cristo Rei, com sede no Piau\u00ed, e no Instituto Belchior foram investigadas a partir de um procedimento instaurado pelo procurador Djalma Gusm\u00e3o Feitosa entre 2014 e 2015.<\/p>\n\n\n\n<p>Em uma nota t\u00e9cnica, emitida pelo pr\u00f3prio Minist\u00e9rio da Educa\u00e7\u00e3o em mar\u00e7o de 2015 e anexada ao inqu\u00e9rito publicado nesta sexta-feira (5), o MEC confirma que n\u00e3o havia registros na data que o Instituto Belchior tivesse autoriza\u00e7\u00e3o para oferecer cursos superiores, nem autoriza\u00e7\u00e3o para que a Faculdade Evang\u00e9lica Cristo Rei operar cursos na modalidade a dist\u00e2ncia, nem no Piau\u00ed, nem em outros estados.<\/p>\n\n\n\n<p><\/p>\n\n\n\n<p>G1<\/p>\n","protected":false},"excerpt":{"rendered":"<p>A atua\u00e7\u00e3o de um institui\u00e7\u00e3o de ensino superior particular est\u00e1 sendo investigada pelo Minist\u00e9rio P\u00fablico Federal na Para\u00edba (MPF-PB) por suspeitas de irregularidades na cidade&hellip; <\/p>\n","protected":false},"author":2,"featured_media":103526,"comment_status":"closed","ping_status":"closed","sticky":false,"template":"","format":"standard","meta":{"sfsi_plus_gutenberg_text_before_share":"","sfsi_plus_gutenberg_show_text_before_share":"","sfsi_plus_gutenberg_icon_type":"","sfsi_plus_gutenberg_icon_alignemt":"","sfsi_plus_gutenburg_max_per_row":"","footnotes":""},"categories":[50,2],"tags":[],"class_list":["post-103524","post","type-post","status-publish","format-standard","has-post-thumbnail","hentry","category-destaque","category-geral"],"_links":{"self":[{"href":"https:\/\/www.caririemacao.com\/1\/wp-json\/wp\/v2\/posts\/103524","targetHints":{"allow":["GET"]}}],"collection":[{"href":"https:\/\/www.caririemacao.com\/1\/wp-json\/wp\/v2\/posts"}],"about":[{"href":"https:\/\/www.caririemacao.com\/1\/wp-json\/wp\/v2\/types\/post"}],"author":[{"embeddable":true,"href":"https:\/\/www.caririemacao.com\/1\/wp-json\/wp\/v2\/users\/2"}],"replies":[{"embeddable":true,"href":"https:\/\/www.caririemacao.com\/1\/wp-json\/wp\/v2\/comments?post=103524"}],"version-history":[{"count":1,"href":"https:\/\/www.caririemacao.com\/1\/wp-json\/wp\/v2\/posts\/103524\/revisions"}],"predecessor-version":[{"id":103527,"href":"https:\/\/www.caririemacao.com\/1\/wp-json\/wp\/v2\/posts\/103524\/revisions\/103527"}],"wp:featuredmedia":[{"embeddable":true,"href":"https:\/\/www.caririemacao.com\/1\/wp-json\/wp\/v2\/media\/103526"}],"wp:attachment":[{"href":"https:\/\/www.caririemacao.com\/1\/wp-json\/wp\/v2\/media?parent=103524"}],"wp:term":[{"taxonomy":"category","embeddable":true,"href":"https:\/\/www.caririemacao.com\/1\/wp-json\/wp\/v2\/categories?post=103524"},{"taxonomy":"post_tag","embeddable":true,"href":"https:\/\/www.caririemacao.com\/1\/wp-json\/wp\/v2\/tags?post=103524"}],"curies":[{"name":"wp","href":"https:\/\/api.w.org\/{rel}","templated":true}]}}