{"id":103528,"date":"2019-07-05T16:18:58","date_gmt":"2019-07-05T19:18:58","guid":{"rendered":"http:\/\/www.caririemacao.com\/1\/?p=103528"},"modified":"2019-07-05T16:18:58","modified_gmt":"2019-07-05T19:18:58","slug":"homem-e-preso-suspeito-de-homicidio","status":"publish","type":"post","link":"https:\/\/www.caririemacao.com\/1\/2019\/07\/05\/homem-e-preso-suspeito-de-homicidio\/","title":{"rendered":"Homem \u00e9 preso suspeito de homic\u00eddio"},"content":{"rendered":"\n<p>Um homem foi preso nesta quinta-feira (4) suspeito de ser o autor de um assassinato que aconteceu no mesmo dia, no bairro de Tibiri II, em Santa Rita, na Grande Jo\u00e3o Pessoa. O homem, de 21 anos, foi preso no in\u00edcio da noite, e com ele a Pol\u00edcia Militar apreendeu o rev\u00f3lver que teria sido usado no crime.<\/p>\n\n\n\n<p>A arma estava com tr\u00eas estojos de muni\u00e7\u00f5es. A v\u00edtima tinha 47 anos e foi atingida com tr\u00eas tiros, de acordo com a per\u00edcia.<\/p>\n\n\n\n<p>De acordo com os policiais do 7\u00ba Batalh\u00e3o, o suspeito do crime foi encontrado no quintal de uma casa, perto do local onde o homic\u00eddio aconteceu. A PM chegou at\u00e9 ele por meio de den\u00fancias an\u00f4nimas e levantamentos realizados pela Coordenadoria de Intelig\u00eancia da PM. O suspeito foi apresentado com a arma na Central de Pol\u00edcia Civil, em Jo\u00e3o Pessoa.<\/p>\n\n\n\n<p><\/p>\n\n\n\n<p>G1<\/p>\n","protected":false},"excerpt":{"rendered":"<p>Um homem foi preso nesta quinta-feira (4) suspeito de ser o autor de um assassinato que aconteceu no mesmo dia, no bairro de Tibiri II,&hellip; <\/p>\n","protected":false},"author":2,"featured_media":86019,"comment_status":"closed","ping_status":"closed","sticky":false,"template":"","format":"standard","meta":{"sfsi_plus_gutenberg_text_before_share":"","sfsi_plus_gutenberg_show_text_before_share":"","sfsi_plus_gutenberg_icon_type":"","sfsi_plus_gutenberg_icon_alignemt":"","sfsi_plus_gutenburg_max_per_row":"","footnotes":""},"categories":[12],"tags":[],"class_list":["post-103528","post","type-post","status-publish","format-standard","has-post-thumbnail","hentry","category-policia"],"_links":{"self":[{"href":"https:\/\/www.caririemacao.com\/1\/wp-json\/wp\/v2\/posts\/103528","targetHints":{"allow":["GET"]}}],"collection":[{"href":"https:\/\/www.caririemacao.com\/1\/wp-json\/wp\/v2\/posts"}],"about":[{"href":"https:\/\/www.caririemacao.com\/1\/wp-json\/wp\/v2\/types\/post"}],"author":[{"embeddable":true,"href":"https:\/\/www.caririemacao.com\/1\/wp-json\/wp\/v2\/users\/2"}],"replies":[{"embeddable":true,"href":"https:\/\/www.caririemacao.com\/1\/wp-json\/wp\/v2\/comments?post=103528"}],"version-history":[{"count":1,"href":"https:\/\/www.caririemacao.com\/1\/wp-json\/wp\/v2\/posts\/103528\/revisions"}],"predecessor-version":[{"id":103529,"href":"https:\/\/www.caririemacao.com\/1\/wp-json\/wp\/v2\/posts\/103528\/revisions\/103529"}],"wp:featuredmedia":[{"embeddable":true,"href":"https:\/\/www.caririemacao.com\/1\/wp-json\/wp\/v2\/media\/86019"}],"wp:attachment":[{"href":"https:\/\/www.caririemacao.com\/1\/wp-json\/wp\/v2\/media?parent=103528"}],"wp:term":[{"taxonomy":"category","embeddable":true,"href":"https:\/\/www.caririemacao.com\/1\/wp-json\/wp\/v2\/categories?post=103528"},{"taxonomy":"post_tag","embeddable":true,"href":"https:\/\/www.caririemacao.com\/1\/wp-json\/wp\/v2\/tags?post=103528"}],"curies":[{"name":"wp","href":"https:\/\/api.w.org\/{rel}","templated":true}]}}