{"id":103538,"date":"2019-07-06T08:26:58","date_gmt":"2019-07-06T11:26:58","guid":{"rendered":"http:\/\/www.caririemacao.com\/1\/?p=103538"},"modified":"2019-07-06T08:26:58","modified_gmt":"2019-07-06T11:26:58","slug":"final-da-copa-america-tera-show-de-anitta-e-presenca-de-bolsonaro","status":"publish","type":"post","link":"https:\/\/www.caririemacao.com\/1\/2019\/07\/06\/final-da-copa-america-tera-show-de-anitta-e-presenca-de-bolsonaro\/","title":{"rendered":"Final da Copa Am\u00e9rica ter\u00e1 show de Anitta e presen\u00e7a de Bolsonaro"},"content":{"rendered":"\n<p>A final da Copa Am\u00e9rica, neste domingo (7), entre Brasil e Peru, ter\u00e1 show da cantora Anita e presen\u00e7a do presidente Jair Bolsonaro. Os detalhes da festa foram revelados nesta sexta-feira (5), em entrevista coletiva no Maracan\u00e3, palco da festa.&nbsp;<\/p>\n\n\n\n<p>Na entrevista, foi feito um balan\u00e7o da competi\u00e7\u00e3o, com a presen\u00e7a da cantora brasileira e do craque Cafu, embaixador da competi\u00e7\u00e3o.<\/p>\n\n\n\n<p>O diretor de Competi\u00e7\u00f5es de Sele\u00e7\u00f5es da A Confedera\u00e7\u00e3o Sul-Americana de Futebol (Conmebol), Hugo Figueredo, ressaltou a boa organiza\u00e7\u00e3o do evento, que n\u00e3o apresentou nenhum incidente grave, nas 24 partidas ocorridas. \u201c\u00c9 um balan\u00e7o positivo para n\u00f3s o fato de n\u00e3o termos nenhum inconveniente nas partidas. Foram jogos competitivos, mas sem nenhum incidente fora de campo. Tivemos disputas como Uruguai e Chile e Brasil e Argentina, partidas normalmente dignas de uma final, sem nenhum incidente\u201d, disse Figueredo.<\/p>\n\n\n\n<p>Ele ressaltou uma presen\u00e7a de p\u00fablico 30% superior \u00e0 da \u00faltima edi\u00e7\u00e3o do torneio, realizada em 2016, nos Estados Unidos, conhecida como Copa Am\u00e9rica Centen\u00e1ria, vencida pelo Chile. \u201cAt\u00e9 o momento, tivemos 800 mil pessoas, e devemos fechar em 900 mil espectadores com as partidas de amanh\u00e3 [6] em S\u00e3o Paulo [Chile x Argentina] e domingo [7], aqui no Rio\u201d, destacou Figueredo. A m\u00e9dia por partida foi de 32 mil pessoas.<\/p>\n\n\n\n<p>O gerente-geral de Competi\u00e7\u00f5es do Comit\u00ea Organizador Local (COL), Thiago Jannuzzi, adiantou como ser\u00e1 a cerim\u00f4nia de encerramento no Maracan\u00e3. \u201cL\u00e1 em S\u00e3o Paulo [na abertura] n\u00f3s come\u00e7amos a contar uma hist\u00f3ria. A cerim\u00f4nia \u00e9 dividida em dois atos, o primeiro foi montado no Est\u00e1dio Morumbi. A gente conclui aqui no Maracan\u00e3, com o segundo ato. L\u00e1 no Morumbi foram 12 crian\u00e7as contando um pouco de suas origens, e a gente vai buscar no encerramento um pouco dos sonhos delas, o que elas passaram, at\u00e9 chegar at\u00e9 a este est\u00e1gio da competi\u00e7\u00e3o\u201d, informou Jannuzzi.<\/p>\n\n\n\n<p>Mais curta, a cerim\u00f4nia ser\u00e1 realizada pr\u00f3xima do in\u00edcio do jogo. Vai come\u00e7ar \u00e0s 16h35 e ter\u00e1 dura\u00e7\u00e3o de 10 minutos, em conex\u00e3o com a entrada dos jogadores em campo. O in\u00edcio da partida ser\u00e1 \u00e0s 17h. Ser\u00e3o quase 400 pessoas no palco, mas, ao todo, s\u00e3o 1.500 envolvidos no espet\u00e1culo. \u201cTeremos a Anitta e o convidado especial Pedro Cap\u00f3, que vem de Porto Rico\u201d, revelou Jannuzzi.<\/p>\n\n\n\n<p>Ele disse que a presen\u00e7a do presidente Bolsonaro no gramado do Maracan\u00e3 \u00e9 poss\u00edvel, pois h\u00e1 uma tradi\u00e7\u00e3o da entrada de dignat\u00e1rios, para cumprimentar atletas e torcida. O presidente deve vir direto de Bras\u00edlia, no domingo, para o est\u00e1dio, na companhia de outras autoridades de governo.<\/p>\n\n\n\n<p>\u201cSobre a presen\u00e7a do presidente, assim como outros dignat\u00e1rios e dirigentes, eles v\u00e3o ao campo. Isso \u00e9 normal no pr\u00e9-jogo, \u00e0s vezes, no intervalo, como aconteceu no Est\u00e1dio Mineir\u00e3o. [Sobre] a presen\u00e7a dele no gramado ainda n\u00e3o tem nada programado, mas h\u00e1 expectativa de que ele venha ao est\u00e1dio para acompanhar a partida\u201d, acrescentou Jannuzzi.<\/p>\n\n\n\n<p><strong>Anitta e Cafu<\/strong><br><\/p>\n\n\n\n<p>A cantora Anitta disse que ficou muito feliz com o convite para participar da cerim\u00f4nia de encerramento da Copa Am\u00e9rica no Maracan\u00e3. \u201cEsporte e m\u00fasica andam muito juntos. Em todos os aspectos, conversam muito. Agora, estar aqui, fazendo parte, junto com o Pedro, que tem um ritmo muito conhecido em todos os pa\u00edses de l\u00edngua hisp\u00e2nica, est\u00e1 sendo um prazer dividir o palco, principalmente pela visibilidade, que \u00e9 incr\u00edvel em todos os pa\u00edses, observando e atentos \u00e0 final\u201d, afirmou.<\/p>\n\n\n\n<p>J\u00e1 o capit\u00e3o do penta Cafu deixou claro que acredita em uma vit\u00f3ria brasileira, mas fez quest\u00e3o de demonstrar respeito pelo time peruano.<\/p>\n\n\n\n<p>\u201cO Brasil \u00e9 favorito. Est\u00e1 jogando em casa, no Maracan\u00e3, com o apoio de sua torcida, fez a melhor campanha, tem o melhor ataque e a defesa que n\u00e3o tomou nenhum gol. Ent\u00e3o, o Brasil vem, sim, como favorito perante a sele\u00e7\u00e3o do Peru, mas isso n\u00e3o quer dizer que o jogo vai ser f\u00e1cil. Respeitar a sele\u00e7\u00e3o do Peru, porque chegou \u00e0 final, uma sele\u00e7\u00e3o que chega \u00e0 final merece respeito. Voc\u00ea n\u00e3o chega \u00e0 final de uma competi\u00e7\u00e3o como a Copa Am\u00e9rica por acaso. Voc\u00ea chega porque tem qualidades, m\u00e9rito e fez por merecer\u201d, afirmou Cafu.<\/p>\n","protected":false},"excerpt":{"rendered":"<p>A final da Copa Am\u00e9rica, neste domingo (7), entre Brasil e Peru, ter\u00e1 show da cantora Anita e presen\u00e7a do presidente Jair Bolsonaro. Os detalhes&hellip; <\/p>\n","protected":false},"author":1,"featured_media":103539,"comment_status":"closed","ping_status":"closed","sticky":false,"template":"","format":"standard","meta":{"sfsi_plus_gutenberg_text_before_share":"","sfsi_plus_gutenberg_show_text_before_share":"","sfsi_plus_gutenberg_icon_type":"","sfsi_plus_gutenberg_icon_alignemt":"","sfsi_plus_gutenburg_max_per_row":"","footnotes":""},"categories":[13],"tags":[],"class_list":["post-103538","post","type-post","status-publish","format-standard","has-post-thumbnail","hentry","category-esportes"],"_links":{"self":[{"href":"https:\/\/www.caririemacao.com\/1\/wp-json\/wp\/v2\/posts\/103538","targetHints":{"allow":["GET"]}}],"collection":[{"href":"https:\/\/www.caririemacao.com\/1\/wp-json\/wp\/v2\/posts"}],"about":[{"href":"https:\/\/www.caririemacao.com\/1\/wp-json\/wp\/v2\/types\/post"}],"author":[{"embeddable":true,"href":"https:\/\/www.caririemacao.com\/1\/wp-json\/wp\/v2\/users\/1"}],"replies":[{"embeddable":true,"href":"https:\/\/www.caririemacao.com\/1\/wp-json\/wp\/v2\/comments?post=103538"}],"version-history":[{"count":1,"href":"https:\/\/www.caririemacao.com\/1\/wp-json\/wp\/v2\/posts\/103538\/revisions"}],"predecessor-version":[{"id":103540,"href":"https:\/\/www.caririemacao.com\/1\/wp-json\/wp\/v2\/posts\/103538\/revisions\/103540"}],"wp:featuredmedia":[{"embeddable":true,"href":"https:\/\/www.caririemacao.com\/1\/wp-json\/wp\/v2\/media\/103539"}],"wp:attachment":[{"href":"https:\/\/www.caririemacao.com\/1\/wp-json\/wp\/v2\/media?parent=103538"}],"wp:term":[{"taxonomy":"category","embeddable":true,"href":"https:\/\/www.caririemacao.com\/1\/wp-json\/wp\/v2\/categories?post=103538"},{"taxonomy":"post_tag","embeddable":true,"href":"https:\/\/www.caririemacao.com\/1\/wp-json\/wp\/v2\/tags?post=103538"}],"curies":[{"name":"wp","href":"https:\/\/api.w.org\/{rel}","templated":true}]}}