{"id":103542,"date":"2019-07-06T08:36:59","date_gmt":"2019-07-06T11:36:59","guid":{"rendered":"http:\/\/www.caririemacao.com\/1\/?p=103542"},"modified":"2019-07-06T08:36:59","modified_gmt":"2019-07-06T11:36:59","slug":"brasil-o-povo-vai-dizer-se-estamos-certos-ou-nao-diz-bolsonaro-sobre-moro","status":"publish","type":"post","link":"https:\/\/www.caririemacao.com\/1\/2019\/07\/06\/brasil-o-povo-vai-dizer-se-estamos-certos-ou-nao-diz-bolsonaro-sobre-moro\/","title":{"rendered":"BRASIL &#8216;O povo vai dizer se estamos certos ou n\u00e3o&#8217;, diz Bolsonaro sobre Moro"},"content":{"rendered":"\n<p>Ap\u00f3s a divulga\u00e7\u00e3o de novos trechos de mensagens entre o ministro Sergio Moro (Justi\u00e7a) e o procurador da Lava Jato Deltan Dallagnol, o presidente Jair Bolsonaro (PSL) afirmou nesta sexta-feira (5) que caber\u00e1 &#8220;ao povo&#8221; dizer quem est\u00e1 certo.<\/p>\n\n\n\n<p>Ao participar de evento de anivers\u00e1rio da guarda presidencial, em Bras\u00edlia, Bolsonaro disse que pretende ir \u00e0 final da Copa Am\u00e9rica, no domingo (7), no Maracan\u00e3, ao lado de Moro. O Brasil enfrenta o Peru.<\/p>\n\n\n\n<p>&#8220;Pretendo domingo n\u00e3o s\u00f3 ir assistir \u00e0 final do Brasil com Peru. Bem como, se for poss\u00edvel, se a seguran\u00e7a permitir, irei com Sergio Moro junto ao gramado. O povo vai dizer se estamos certos ou n\u00e3o&#8221;, afirmou.<\/p>\n\n\n\n<p>O presidente disse n\u00e3o temer vaias e negou que tenha sido hostilizado na \u00faltima ter\u00e7a (2), quando foi ao Mineir\u00e3o ver partida da sele\u00e7\u00e3o brasileira contra os argentinos.<br>&#8220;Voc\u00ea acha que, de imediato, eu com palet\u00f3 e gravata, Mineir\u00e3o enorme, uma vaia estrondosa de repente vai come\u00e7ar por mim? N\u00e3o tem cabimento isso. Quem do outro lado sabia que era eu? Ningu\u00e9m sabia. A vaia foi \u00e0 sele\u00e7\u00e3o da Argentina&#8221;, afirmou.<\/p>\n\n\n\n<p>Ao falar sobre Moro, ele disse que muito se comenta sobre as trocas de mensagens do ministro, mas que o caso de Ad\u00e9lio Bispo, autor do atentado a faca do qual foi v\u00edtima, \u00e9 esquecido. &#8220;Falam tanto do caso do Moro e telefone toda coisa, e voc\u00eas n\u00e3o v\u00e3o dar nenhuma forcinha para o caso Ad\u00e9lio?&#8221;<\/p>\n\n\n\n<p>O presidente repetiu que, se os celulares de advogados do respons\u00e1vel pela facada fossem acessados, seria poss\u00edvel descobrir o mandante do ataque do qual foi v\u00edtima.<br>Questionado sobre se acompanha o caso, disse n\u00e3o ter acesso direito aos autos, mas que fala com Moro sobre o tema. &#8220;N\u00e3o tenho acesso aos \u00e1udios, mas converso com o Sergio Moro e tem informa\u00e7\u00e3o que chega at\u00e9 mim que eu passo para ele apurar tamb\u00e9m, \u00e9 natural. Agora n\u00e3o quero que inventem respons\u00e1vel por tentativa de assassinato a minha pessoa. Eu quero \u00e9 chegar \u00e0 solu\u00e7\u00e3o&#8221;, afirmou.<\/p>\n\n\n\n<p><strong>INCLUS\u00c3O DE PROVAS<\/strong><br><\/p>\n\n\n\n<p>Novas mensagens obtidas pelo site The Intercept Brasil e divulgadas nesta sexta-feira (5) pela revista Veja mostram que Moro chamou a aten\u00e7\u00e3o de procuradores da Lava Jato para a inclus\u00e3o de uma prova considerada importante por ele na den\u00fancia de um r\u00e9u da opera\u00e7\u00e3o.<\/p>\n\n\n\n<p>Em troca de mensagens pelo Telegram, em 28 de abril de 2016, segundo a revista, os procuradores conversaram sobre um alerta de Moro \u00e0 for\u00e7a-tarefa.<\/p>\n\n\n\n<p>Deltan diz \u00e0 procuradora Laura Tessler que o ent\u00e3o juiz o havia chamado a aten\u00e7\u00e3o sobre a aus\u00eancia de uma informa\u00e7\u00e3o na den\u00fancia contra o lobista Zwi Skornicki, r\u00e9u da opera\u00e7\u00e3o e representante da Keppel Fels, estaleiro com contratos suspeitos com a Petrobras.<\/p>\n\n\n\n<p>&#8220;Laura no caso do Zwi, Moro disse que tem um dep\u00f3sito em favor do [Eduardo] Musa [da Petrobras] e se for por lapso que n\u00e3o foi inclu\u00eddo ele disse que vai receber amanh\u00e3 e da tempo. S\u00f3 \u00e9 bom avisar ele&#8221;, diz.<\/p>\n\n\n\n<p>&#8220;Ih, vou ver&#8221;, responde a procuradora, segundo a revista.<\/p>\n\n\n\n<p>No dia seguinte a esse di\u00e1logo, de acordo com Veja, a Procuradoria em Curitiba incluiu um comprovante de dep\u00f3sito de US$ 80 mil feito por Skornicki a Musa, o ent\u00e3o juiz Moro aceitou a den\u00fancia e, na decis\u00e3o, mencionou o documento que havia pedido.<\/p>\n\n\n\n<p>Segundo a legisla\u00e7\u00e3o, \u00e9 papel do juiz se manter imparcial diante da acusa\u00e7\u00e3o e da defesa. Ju\u00edzes que est\u00e3o de alguma forma comprometidos com uma das partes devem se considerar suspeitos e, portanto, impedidos de julgar a a\u00e7\u00e3o. Quando isso acontece, o caso \u00e9 enviado para outro magistrado.<\/p>\n\n\n\n<p>O artigo 254 do C\u00f3digo de Processo Penal (CPP) afirma que &#8220;o juiz dar-se-\u00e1 por suspeito, e, se n\u00e3o o fizer, poder\u00e1 ser recusado por qualquer das partes&#8221; se &#8220;tiver aconselhado qualquer das partes&#8221;.<\/p>\n\n\n\n<p>Segundo o artigo 564, senten\u00e7as proferidas por ju\u00edzes suspeitos podem ser anuladas.<br>J\u00e1 o C\u00f3digo de \u00c9tica da Magistratura afirma em seu artigo 8\u00ba que &#8220;o magistrado imparcial \u00e9 aquele que busca nas provas a verdade dos fatos, com objetividade e fundamento, mantendo ao longo de todo o processo uma dist\u00e2ncia equivalente das partes, e evita todo o tipo de comportamento que possa refletir favoritismo, predisposi\u00e7\u00e3o ou preconceito&#8221;.<\/p>\n\n\n\n<p>Tamb\u00e9m diz, no artigo seguinte, que &#8220;ao magistrado, no desempenho de sua atividade, cumpre dispensar \u00e0s partes igualdade de tratamento&#8221;.<\/p>\n\n\n\n<p>No \u00faltimo dia 19, questionado em audi\u00eancia no Senado sobre a possibilidade de deixar o Minist\u00e9rio da Justi\u00e7a para garantir isen\u00e7\u00e3o nas investiga\u00e7\u00f5es, Moro negou conluio com o Minist\u00e9rio P\u00fablico e afirmou: &#8220;N\u00e3o tenho nenhum apego pelo cargo em si. Se houver alguma irregularidade da minha parte, eu saio&#8221;.<\/p>\n\n\n\n<p><strong>PARA ENTENDER AS CONVERSAS<\/strong><br><\/p>\n\n\n\n<p><strong>O que s\u00e3o<\/strong><br><\/p>\n\n\n\n<p>Desde 9.jun, o site The Intercept Brasil vem divulgando um pacote de conversas envolvendo procuradores da Rep\u00fablica em Curitiba e Sergio Moro, na \u00e9poca juiz respons\u00e1vel pelos processos da Lava Jato.<\/p>\n\n\n\n<p><strong>Per\u00edodo<\/strong><br><\/p>\n\n\n\n<p>Os di\u00e1logos aconteceram desde 2014 pelo aplicativo Telegram.<\/p>\n\n\n\n<p><strong>Fonte<\/strong><br><\/p>\n\n\n\n<p>O site informou que obteve o material de uma fonte an\u00f4nima, que procurou a reportagem h\u00e1 cerca de um m\u00eas. O vazamento, segundo o site The Intercept, n\u00e3o est\u00e1 ligado ao ataque ao celular de Moro, em 4 de junho.<\/p>\n\n\n\n<p><strong>An\u00e1lise<\/strong><br><\/p>\n\n\n\n<p>A Folha de S.Paulo teve acesso ao material e n\u00e3o detectou nenhum ind\u00edcio de que ele possa ter sido adulterado. Os rep\u00f3rteres, por exemplo, encontraram diversas mensagens que eles pr\u00f3prios trocaram com a for\u00e7a-tarefa nos \u00faltimos anos.<\/p>\n\n\n\n<p><strong>Conte\u00fado<\/strong><br><\/p>\n\n\n\n<p>As mensagens indicam troca de colabora\u00e7\u00e3o entre Moro e a for\u00e7a-tarefa da Lava Jato. Segundo a lei, o juiz n\u00e3o pode auxiliar ou aconselhar nenhuma das partes do processo.<\/p>\n\n\n\n<p><strong>Defesa<\/strong><br><\/p>\n\n\n\n<p>Moro afirma ser alvo de um ataque hacker que mira as institui\u00e7\u00f5es e que tem como objetivo anular condena\u00e7\u00f5es por corrup\u00e7\u00e3o. O ex-juiz diz ainda n\u00e3o ter como garantir a veracidade das mensagens (mas tamb\u00e9m n\u00e3o as nega), refuta a possibilidade de ter feito conluio com o Minist\u00e9rio P\u00fablico e chama a divulga\u00e7\u00e3o das mensagens de sensacionalista.<\/p>\n\n\n\n<p><strong>Consequ\u00eancias<\/strong><br><\/p>\n\n\n\n<p>O vazamento pode levar \u00e0 anula\u00e7\u00e3o de condena\u00e7\u00f5es proferidas por Moro, caso haja entendimento que ele era suspeito (comprometido com uma das partes). Isso inclui o julgamento do ex-presidente Lula.<\/p>\n","protected":false},"excerpt":{"rendered":"<p>Ap\u00f3s a divulga\u00e7\u00e3o de novos trechos de mensagens entre o ministro Sergio Moro (Justi\u00e7a) e o procurador da Lava Jato Deltan Dallagnol, o presidente Jair&hellip; <\/p>\n","protected":false},"author":1,"featured_media":103543,"comment_status":"closed","ping_status":"closed","sticky":false,"template":"","format":"standard","meta":{"sfsi_plus_gutenberg_text_before_share":"","sfsi_plus_gutenberg_show_text_before_share":"","sfsi_plus_gutenberg_icon_type":"","sfsi_plus_gutenberg_icon_alignemt":"","sfsi_plus_gutenburg_max_per_row":"","footnotes":""},"categories":[11],"tags":[],"class_list":["post-103542","post","type-post","status-publish","format-standard","has-post-thumbnail","hentry","category-politica"],"_links":{"self":[{"href":"https:\/\/www.caririemacao.com\/1\/wp-json\/wp\/v2\/posts\/103542","targetHints":{"allow":["GET"]}}],"collection":[{"href":"https:\/\/www.caririemacao.com\/1\/wp-json\/wp\/v2\/posts"}],"about":[{"href":"https:\/\/www.caririemacao.com\/1\/wp-json\/wp\/v2\/types\/post"}],"author":[{"embeddable":true,"href":"https:\/\/www.caririemacao.com\/1\/wp-json\/wp\/v2\/users\/1"}],"replies":[{"embeddable":true,"href":"https:\/\/www.caririemacao.com\/1\/wp-json\/wp\/v2\/comments?post=103542"}],"version-history":[{"count":1,"href":"https:\/\/www.caririemacao.com\/1\/wp-json\/wp\/v2\/posts\/103542\/revisions"}],"predecessor-version":[{"id":103544,"href":"https:\/\/www.caririemacao.com\/1\/wp-json\/wp\/v2\/posts\/103542\/revisions\/103544"}],"wp:featuredmedia":[{"embeddable":true,"href":"https:\/\/www.caririemacao.com\/1\/wp-json\/wp\/v2\/media\/103543"}],"wp:attachment":[{"href":"https:\/\/www.caririemacao.com\/1\/wp-json\/wp\/v2\/media?parent=103542"}],"wp:term":[{"taxonomy":"category","embeddable":true,"href":"https:\/\/www.caririemacao.com\/1\/wp-json\/wp\/v2\/categories?post=103542"},{"taxonomy":"post_tag","embeddable":true,"href":"https:\/\/www.caririemacao.com\/1\/wp-json\/wp\/v2\/tags?post=103542"}],"curies":[{"name":"wp","href":"https:\/\/api.w.org\/{rel}","templated":true}]}}