{"id":103553,"date":"2019-07-06T08:43:46","date_gmt":"2019-07-06T11:43:46","guid":{"rendered":"http:\/\/www.caririemacao.com\/1\/?p=103553"},"modified":"2019-07-06T08:43:46","modified_gmt":"2019-07-06T11:43:46","slug":"maia-reunira-parlamentares-neste-sabado-para-discutir-previdencia","status":"publish","type":"post","link":"https:\/\/www.caririemacao.com\/1\/2019\/07\/06\/maia-reunira-parlamentares-neste-sabado-para-discutir-previdencia\/","title":{"rendered":"Maia reunir\u00e1 parlamentares neste s\u00e1bado para discutir Previd\u00eancia"},"content":{"rendered":"\n<p>O presidente da C\u00e2mara, Rodrigo Maia (DEM-RJ), vai reunir l\u00edderes partid\u00e1rios, dentre outros deputados, neste s\u00e1bado (6), para discutir a aprova\u00e7\u00e3o da reforma da previd\u00eancia em plen\u00e1rio na pr\u00f3xima semana. Pelo Twitter, Maia afirmou que o Brasil \u201cn\u00e3o pode esperar\u201d pelo crescimento econ\u00f4mico que, segundo ele, passa pela reforma.<\/p>\n\n\n\n<p>\u201cAmanh\u00e3 me reunirei com l\u00edderes e deputados para come\u00e7armos os trabalhos de aprovar a reforma da Previd\u00eancia na semana que vem. O Brasil n\u00e3o pode esperar para retomar o caminho do crescimento econ\u00f4mico, e a reforma da Previd\u00eancia \u00e9 um grande passo\u201d, disse na rede social. Segundo afirmou a r\u00e1dio Jovem Pan, em entrevista concedida nesta sexta-feira (5), o encontro ser\u00e1 \u00e0s 9h com \u201ctr\u00eas, quatro l\u00edderes para come\u00e7ar a organizar a vota\u00e7\u00e3o da reforma da Previd\u00eancia\u201d.<\/p>\n\n\n\n<p>Ap\u00f3s v\u00e1rias horas de debates e apresenta\u00e7\u00e3o de sugest\u00f5es de retirada de trechos (destaques), a maioria delas negada, o relat\u00f3rio de Samuel Moreira (PSDB-SP) foi aprovado na comiss\u00e3o especial destinada a apreciar a Proposta de Emenda \u00e0 Constitui\u00e7\u00e3o (PEC) encaminhada pelo governo.<\/p>\n\n\n\n<p>Maia j\u00e1 havia afirmado que a proposta come\u00e7ar\u00e1 a ser discutida na pr\u00f3xima ter\u00e7a-feira. O presidente da C\u00e2mara avalia que j\u00e1 tem votos necess\u00e1rios para aprovar a reforma no plen\u00e1rio. A expectativa do parlamentar \u00e9 que a medida seja aprovada por pouco mais de 325 deputados. Uma PEC precisa de, no m\u00ednimo, 308 votos para ser aprovada.<\/p>\n\n\n\n<p>Se aprovado pelos deputados, o texto segue para an\u00e1lise do Senado, onde tamb\u00e9m deve ser apreciado em dois turnos e depende da aprova\u00e7\u00e3o de, pelo menos, 49 senadores.<\/p>\n\n\n\n<p><strong>Reforma tribut\u00e1ria<\/strong><br><\/p>\n\n\n\n<p>Ainda pelo Twitter, ele afirmou que ser\u00e1 instalada uma comiss\u00e3o para elaborar uma reforma tribut\u00e1ria. Segundo ele, a base da reforma ser\u00e1 um projeto do deputado Baleia Rossi (MDB-SP). \u201cQuando o governo enviar uma proposta sobre o tema, ela ser\u00e1 apensada e tramitar\u00e1 em conjunto\u201d, afirmou.<\/p>\n","protected":false},"excerpt":{"rendered":"<p>O presidente da C\u00e2mara, Rodrigo Maia (DEM-RJ), vai reunir l\u00edderes partid\u00e1rios, dentre outros deputados, neste s\u00e1bado (6), para discutir a aprova\u00e7\u00e3o da reforma da previd\u00eancia&hellip; <\/p>\n","protected":false},"author":1,"featured_media":103554,"comment_status":"closed","ping_status":"closed","sticky":false,"template":"","format":"standard","meta":{"sfsi_plus_gutenberg_text_before_share":"","sfsi_plus_gutenberg_show_text_before_share":"","sfsi_plus_gutenberg_icon_type":"","sfsi_plus_gutenberg_icon_alignemt":"","sfsi_plus_gutenburg_max_per_row":"","footnotes":""},"categories":[11],"tags":[],"class_list":["post-103553","post","type-post","status-publish","format-standard","has-post-thumbnail","hentry","category-politica"],"_links":{"self":[{"href":"https:\/\/www.caririemacao.com\/1\/wp-json\/wp\/v2\/posts\/103553","targetHints":{"allow":["GET"]}}],"collection":[{"href":"https:\/\/www.caririemacao.com\/1\/wp-json\/wp\/v2\/posts"}],"about":[{"href":"https:\/\/www.caririemacao.com\/1\/wp-json\/wp\/v2\/types\/post"}],"author":[{"embeddable":true,"href":"https:\/\/www.caririemacao.com\/1\/wp-json\/wp\/v2\/users\/1"}],"replies":[{"embeddable":true,"href":"https:\/\/www.caririemacao.com\/1\/wp-json\/wp\/v2\/comments?post=103553"}],"version-history":[{"count":1,"href":"https:\/\/www.caririemacao.com\/1\/wp-json\/wp\/v2\/posts\/103553\/revisions"}],"predecessor-version":[{"id":103555,"href":"https:\/\/www.caririemacao.com\/1\/wp-json\/wp\/v2\/posts\/103553\/revisions\/103555"}],"wp:featuredmedia":[{"embeddable":true,"href":"https:\/\/www.caririemacao.com\/1\/wp-json\/wp\/v2\/media\/103554"}],"wp:attachment":[{"href":"https:\/\/www.caririemacao.com\/1\/wp-json\/wp\/v2\/media?parent=103553"}],"wp:term":[{"taxonomy":"category","embeddable":true,"href":"https:\/\/www.caririemacao.com\/1\/wp-json\/wp\/v2\/categories?post=103553"},{"taxonomy":"post_tag","embeddable":true,"href":"https:\/\/www.caririemacao.com\/1\/wp-json\/wp\/v2\/tags?post=103553"}],"curies":[{"name":"wp","href":"https:\/\/api.w.org\/{rel}","templated":true}]}}