{"id":103558,"date":"2019-07-06T08:48:24","date_gmt":"2019-07-06T11:48:24","guid":{"rendered":"http:\/\/www.caririemacao.com\/1\/?p=103558"},"modified":"2019-07-06T08:48:24","modified_gmt":"2019-07-06T11:48:24","slug":"dia-do-cooperativismo-e-celebrado-em-varias-cidades-brasileiras","status":"publish","type":"post","link":"https:\/\/www.caririemacao.com\/1\/2019\/07\/06\/dia-do-cooperativismo-e-celebrado-em-varias-cidades-brasileiras\/","title":{"rendered":"Dia do Cooperativismo \u00e9 celebrado em v\u00e1rias cidades brasileiras"},"content":{"rendered":"\n<p>O Dia Internacional do Cooperativismo est\u00e1 sendo celebrado&nbsp;hoje&nbsp;(6) com diversas atividades pelo pa\u00eds. No Rio&nbsp;de Janeiro, por exemplo, o Dia de Cooperar ocorre em frente ao Museu do Amanh\u00e3, no Boulevard Ol\u00edmpico, na Pra\u00e7a Mau\u00e1, na zona portu\u00e1ria da cidade.<\/p>\n\n\n\n<p>Vinte cooperativas oferecem, das 9h \u00e0s 16h, servi\u00e7os gratuitos de cidadania, educa\u00e7\u00e3o, cultura, sa\u00fade e est\u00e9tica. Al\u00e9m disso, as cerca de 3 mil pessoas esperadas para o evento poder\u00e3o curtir apresenta\u00e7\u00f5es musicais.<\/p>\n\n\n\n<p>\u201cO cooperativismo trabalha na linha de frente do desenvolvimento socioecon\u00f4mico do pa\u00eds. E o Dia de Cooperar \u00e9 uma forma de expressar a for\u00e7a do nosso movimento, que por meio de a\u00e7\u00f5es volunt\u00e1rias, ajuda pessoas a transformarem suas vidas\u201d, afirma o presidente do Sindicato e Organiza\u00e7\u00e3o das Cooperativas do Estado do Rio (OCB\/RJ), Vin\u00edcius Mesquita.<\/p>\n\n\n\n<p>O Dia Internacional do Cooperativismo \u00e9 comemorado h\u00e1 96 anos e, h\u00e1 25 anos, foi adotado pela Organiza\u00e7\u00e3o das Na\u00e7\u00f5es Unidas (ONU). O tema mundial das celebra\u00e7\u00f5es deste ano \u00e9 \u201cCooperativas pelo Trabalho Decente\u201d.<\/p>\n\n\n\n<p>De acordo com a ONU, o cooperativismo \u00e9 um modelo de empreendimento econ\u00f4mico em que os trabalhadores controlam, de forma democr\u00e1tica, o capital resultante do seu trabalho\/coopera\u00e7\u00e3o. Para as Na\u00e7\u00f5es Unidas, como as cooperativas n\u00e3o s\u00e3o centradas no dinheiro e sim nas pessoas, esse modelo n\u00e3o perpetua nem acelera a concentra\u00e7\u00e3o de capital e distribui a riqueza de forma mais justa.<\/p>\n\n\n\n<p>Ainda segundo a ONU, a primeira cooperativa de que se tem not\u00edcia foi registrada em 1761, na Esc\u00f3cia, por um grupo de tecel\u00f5es da cidade de Fenwick.<\/p>\n","protected":false},"excerpt":{"rendered":"<p>O Dia Internacional do Cooperativismo est\u00e1 sendo celebrado&nbsp;hoje&nbsp;(6) com diversas atividades pelo pa\u00eds. No Rio&nbsp;de Janeiro, por exemplo, o Dia de Cooperar ocorre em frente&hellip; <\/p>\n","protected":false},"author":1,"featured_media":103559,"comment_status":"closed","ping_status":"closed","sticky":false,"template":"","format":"standard","meta":{"sfsi_plus_gutenberg_text_before_share":"","sfsi_plus_gutenberg_show_text_before_share":"","sfsi_plus_gutenberg_icon_type":"","sfsi_plus_gutenberg_icon_alignemt":"","sfsi_plus_gutenburg_max_per_row":"","footnotes":""},"categories":[6],"tags":[],"class_list":["post-103558","post","type-post","status-publish","format-standard","has-post-thumbnail","hentry","category-cidades"],"_links":{"self":[{"href":"https:\/\/www.caririemacao.com\/1\/wp-json\/wp\/v2\/posts\/103558","targetHints":{"allow":["GET"]}}],"collection":[{"href":"https:\/\/www.caririemacao.com\/1\/wp-json\/wp\/v2\/posts"}],"about":[{"href":"https:\/\/www.caririemacao.com\/1\/wp-json\/wp\/v2\/types\/post"}],"author":[{"embeddable":true,"href":"https:\/\/www.caririemacao.com\/1\/wp-json\/wp\/v2\/users\/1"}],"replies":[{"embeddable":true,"href":"https:\/\/www.caririemacao.com\/1\/wp-json\/wp\/v2\/comments?post=103558"}],"version-history":[{"count":1,"href":"https:\/\/www.caririemacao.com\/1\/wp-json\/wp\/v2\/posts\/103558\/revisions"}],"predecessor-version":[{"id":103560,"href":"https:\/\/www.caririemacao.com\/1\/wp-json\/wp\/v2\/posts\/103558\/revisions\/103560"}],"wp:featuredmedia":[{"embeddable":true,"href":"https:\/\/www.caririemacao.com\/1\/wp-json\/wp\/v2\/media\/103559"}],"wp:attachment":[{"href":"https:\/\/www.caririemacao.com\/1\/wp-json\/wp\/v2\/media?parent=103558"}],"wp:term":[{"taxonomy":"category","embeddable":true,"href":"https:\/\/www.caririemacao.com\/1\/wp-json\/wp\/v2\/categories?post=103558"},{"taxonomy":"post_tag","embeddable":true,"href":"https:\/\/www.caririemacao.com\/1\/wp-json\/wp\/v2\/tags?post=103558"}],"curies":[{"name":"wp","href":"https:\/\/api.w.org\/{rel}","templated":true}]}}