{"id":103566,"date":"2019-07-06T08:55:10","date_gmt":"2019-07-06T11:55:10","guid":{"rendered":"http:\/\/www.caririemacao.com\/1\/?p=103566"},"modified":"2019-07-06T08:55:10","modified_gmt":"2019-07-06T11:55:10","slug":"pt-pede-que-supremo-e-pgr-investiguem-moro-por-vazar-inquerito-a-bolsonaro","status":"publish","type":"post","link":"https:\/\/www.caririemacao.com\/1\/2019\/07\/06\/pt-pede-que-supremo-e-pgr-investiguem-moro-por-vazar-inquerito-a-bolsonaro\/","title":{"rendered":"PT pede que Supremo e PGR investiguem Moro por vazar inqu\u00e9rito a Bolsonaro"},"content":{"rendered":"\n<p>&nbsp;O deputado Paulo Pimenta (PT-RS) e o senador Humberto Costa (PT-PE) requisitaram, nesta sexta-feira (5), \u00e0 Procuradoria-Geral da Rep\u00fablica e ao Supremo Tribunal Federal que investiguem a conduta do ministro Sergio Moro (Justi\u00e7a) e do presidente Jair Bolsonaro (PSL) em rela\u00e7\u00e3o a investiga\u00e7\u00e3o de candidaturas laranjas do PSL.<\/p>\n\n\n\n<p>Como a Folha de S.Paulo publicou nesta sexta, Bolsonaro afirmou, no \u00faltimo dia 28, que Moro deu acesso privilegiado a Bolsonaro sobre dados do inqu\u00e9rito, que \u00e9 conduzido pela Pol\u00edcia Federal e est\u00e1 sob sigilo.<\/p>\n\n\n\n<p>Na pe\u00e7a enviada \u00e0 procuradora-geral Raquel Dodge e ao ministro Dias Toffoli, os petistas argumentam que houve crimes contra a administra\u00e7\u00e3o p\u00fablica e tamb\u00e9m de viola\u00e7\u00e3o de sigilo e pedem a devida investiga\u00e7\u00e3o dos fatos.<\/p>\n\n\n\n<p>Houve, segundo o texto, \u201cinterfer\u00eancia direta e criminosa do presidente da Rep\u00fablica e do ministro da Justi\u00e7a e Seguran\u00e7a P\u00fablica nos rumos de uma investiga\u00e7\u00e3o policial federal apta ou no limiar de alcan\u00e7ar o primeiro escal\u00e3o do Poder Executivo Federal\u201d.<\/p>\n\n\n\n<p>As pe\u00e7as dizem ainda que a autonomia da Pol\u00edcia Federal foi ferida, j\u00e1 que Bolsonaro determinou a Moro que a PF investigasse todos os partidos com suspeitas semelhantes.<\/p>\n","protected":false},"excerpt":{"rendered":"<p>&nbsp;O deputado Paulo Pimenta (PT-RS) e o senador Humberto Costa (PT-PE) requisitaram, nesta sexta-feira (5), \u00e0 Procuradoria-Geral da Rep\u00fablica e ao Supremo Tribunal Federal que&hellip; <\/p>\n","protected":false},"author":1,"featured_media":103567,"comment_status":"closed","ping_status":"closed","sticky":false,"template":"","format":"standard","meta":{"sfsi_plus_gutenberg_text_before_share":"","sfsi_plus_gutenberg_show_text_before_share":"","sfsi_plus_gutenberg_icon_type":"","sfsi_plus_gutenberg_icon_alignemt":"","sfsi_plus_gutenburg_max_per_row":"","footnotes":""},"categories":[11],"tags":[],"class_list":["post-103566","post","type-post","status-publish","format-standard","has-post-thumbnail","hentry","category-politica"],"_links":{"self":[{"href":"https:\/\/www.caririemacao.com\/1\/wp-json\/wp\/v2\/posts\/103566","targetHints":{"allow":["GET"]}}],"collection":[{"href":"https:\/\/www.caririemacao.com\/1\/wp-json\/wp\/v2\/posts"}],"about":[{"href":"https:\/\/www.caririemacao.com\/1\/wp-json\/wp\/v2\/types\/post"}],"author":[{"embeddable":true,"href":"https:\/\/www.caririemacao.com\/1\/wp-json\/wp\/v2\/users\/1"}],"replies":[{"embeddable":true,"href":"https:\/\/www.caririemacao.com\/1\/wp-json\/wp\/v2\/comments?post=103566"}],"version-history":[{"count":1,"href":"https:\/\/www.caririemacao.com\/1\/wp-json\/wp\/v2\/posts\/103566\/revisions"}],"predecessor-version":[{"id":103568,"href":"https:\/\/www.caririemacao.com\/1\/wp-json\/wp\/v2\/posts\/103566\/revisions\/103568"}],"wp:featuredmedia":[{"embeddable":true,"href":"https:\/\/www.caririemacao.com\/1\/wp-json\/wp\/v2\/media\/103567"}],"wp:attachment":[{"href":"https:\/\/www.caririemacao.com\/1\/wp-json\/wp\/v2\/media?parent=103566"}],"wp:term":[{"taxonomy":"category","embeddable":true,"href":"https:\/\/www.caririemacao.com\/1\/wp-json\/wp\/v2\/categories?post=103566"},{"taxonomy":"post_tag","embeddable":true,"href":"https:\/\/www.caririemacao.com\/1\/wp-json\/wp\/v2\/tags?post=103566"}],"curies":[{"name":"wp","href":"https:\/\/api.w.org\/{rel}","templated":true}]}}