{"id":103571,"date":"2019-07-06T09:06:00","date_gmt":"2019-07-06T12:06:00","guid":{"rendered":"http:\/\/www.caririemacao.com\/1\/?p=103571"},"modified":"2019-07-06T09:06:00","modified_gmt":"2019-07-06T12:06:00","slug":"confira-a-previsao-do-tempo-para-este-sabado-em-toda-paraiba-13","status":"publish","type":"post","link":"https:\/\/www.caririemacao.com\/1\/2019\/07\/06\/confira-a-previsao-do-tempo-para-este-sabado-em-toda-paraiba-13\/","title":{"rendered":"Confira a previs\u00e3o do tempo para este s\u00e1bado em toda Para\u00edba"},"content":{"rendered":"\n<p>As condi\u00e7\u00f5es meteorol\u00f3gicas sobre o estado da Para\u00edba permanecem quase que inalteradas em rela\u00e7\u00e3o \u00e0s \u00faltimas 24 horas, com o c\u00e9u parcialmente nublado na maioria das regi\u00f5es. No decorrer do dia, existe a possibilidade de chuvas passageiras em \u00e1reas isoladas das regi\u00f5es do Litoral, Brejo e Agreste.<\/p>\n\n\n\n<figure class=\"wp-block-image\"><img decoding=\"async\" data-src=\"https:\/\/paraibaonline.com.br\/wp-content\/uploads\/2019\/07\/tempo0607-567x360.jpeg\" alt=\"\" class=\"wp-image-749580 lazyload\" src=\"data:image\/svg+xml;base64,PHN2ZyB3aWR0aD0iMSIgaGVpZ2h0PSIxIiB4bWxucz0iaHR0cDovL3d3dy53My5vcmcvMjAwMC9zdmciPjwvc3ZnPg==\" style=\"--smush-placeholder-width: 567px; --smush-placeholder-aspect-ratio: 567\/360;\" \/><\/figure>\n","protected":false},"excerpt":{"rendered":"<p>As condi\u00e7\u00f5es meteorol\u00f3gicas sobre o estado da Para\u00edba permanecem quase que inalteradas em rela\u00e7\u00e3o \u00e0s \u00faltimas 24 horas, com o c\u00e9u parcialmente nublado na maioria&hellip; <\/p>\n","protected":false},"author":1,"featured_media":103572,"comment_status":"closed","ping_status":"closed","sticky":false,"template":"","format":"standard","meta":{"sfsi_plus_gutenberg_text_before_share":"","sfsi_plus_gutenberg_show_text_before_share":"","sfsi_plus_gutenberg_icon_type":"","sfsi_plus_gutenberg_icon_alignemt":"","sfsi_plus_gutenburg_max_per_row":"","footnotes":""},"categories":[6],"tags":[],"class_list":["post-103571","post","type-post","status-publish","format-standard","has-post-thumbnail","hentry","category-cidades"],"_links":{"self":[{"href":"https:\/\/www.caririemacao.com\/1\/wp-json\/wp\/v2\/posts\/103571","targetHints":{"allow":["GET"]}}],"collection":[{"href":"https:\/\/www.caririemacao.com\/1\/wp-json\/wp\/v2\/posts"}],"about":[{"href":"https:\/\/www.caririemacao.com\/1\/wp-json\/wp\/v2\/types\/post"}],"author":[{"embeddable":true,"href":"https:\/\/www.caririemacao.com\/1\/wp-json\/wp\/v2\/users\/1"}],"replies":[{"embeddable":true,"href":"https:\/\/www.caririemacao.com\/1\/wp-json\/wp\/v2\/comments?post=103571"}],"version-history":[{"count":1,"href":"https:\/\/www.caririemacao.com\/1\/wp-json\/wp\/v2\/posts\/103571\/revisions"}],"predecessor-version":[{"id":103573,"href":"https:\/\/www.caririemacao.com\/1\/wp-json\/wp\/v2\/posts\/103571\/revisions\/103573"}],"wp:featuredmedia":[{"embeddable":true,"href":"https:\/\/www.caririemacao.com\/1\/wp-json\/wp\/v2\/media\/103572"}],"wp:attachment":[{"href":"https:\/\/www.caririemacao.com\/1\/wp-json\/wp\/v2\/media?parent=103571"}],"wp:term":[{"taxonomy":"category","embeddable":true,"href":"https:\/\/www.caririemacao.com\/1\/wp-json\/wp\/v2\/categories?post=103571"},{"taxonomy":"post_tag","embeddable":true,"href":"https:\/\/www.caririemacao.com\/1\/wp-json\/wp\/v2\/tags?post=103571"}],"curies":[{"name":"wp","href":"https:\/\/api.w.org\/{rel}","templated":true}]}}