{"id":103576,"date":"2019-07-06T09:13:32","date_gmt":"2019-07-06T12:13:32","guid":{"rendered":"http:\/\/www.caririemacao.com\/1\/?p=103576"},"modified":"2019-07-06T09:13:32","modified_gmt":"2019-07-06T12:13:32","slug":"presidente-da-oab-nacional-visita-monteiro-e-recebe-homenagem","status":"publish","type":"post","link":"https:\/\/www.caririemacao.com\/1\/2019\/07\/06\/presidente-da-oab-nacional-visita-monteiro-e-recebe-homenagem\/","title":{"rendered":"Presidente da OAB Nacional visita Monteiro e recebe homenagem"},"content":{"rendered":"\n<p>O Presidente do Conselho Federal da Ordem dos Advogados do Brasil (CFOAB), Felipe Santa Cruz, cumpriu agenda nesta sexta-feira (05), no munic\u00edpio de Monteiro, no Cariri paraibano, onde possui ra\u00edzes familiares.<\/p>\n\n\n\n<p>Acompanhado do vice-presidente da OAB Nacional, Luiz Viana Queiroz, do presidente da OAB Seccional Para\u00edba, Paulo Maia, da presidente da OAB Subse\u00e7\u00e3o Cariri, Taua Domiciano, de familiares e advogados da regi\u00e3o, Felipe Santa Cruz visitou a sede da Fazenda Santa Catarina, na zona rural de Monteiro, constru\u00edda pelo seu bisav\u00f4, Arthur de Santa Cruz Oliveira, em 1918.<\/p>\n\n\n\n<p>Na C\u00e2mara Municipal de Monteiro, o Presidente da OAB Nacional recebeu uma mo\u00e7\u00e3o de aplausos, entregue pelo Presidente da Casa, Caj\u00f3 Menezes, e tamb\u00e9m uma homenagem entregue pela presidente da Subse\u00e7\u00e3o Cariri, Taua Domiciano.<\/p>\n\n\n\n<p>Em seu discurso, Felipe Santa Cruz destacou que se sente honrado em conhecer a cidade de Monteiro, terra onde seus familiares muito se destacaram, e afirmou que a partir de agora se considera um monteirense de cora\u00e7\u00e3o.<\/p>\n\n\n\n<p>Em entrevista \u00e0 imprensa local, Felipe Santa Cruz ainda comentou sobre o poss\u00edvel fim do exame da OAB que, segundo o advogado seria um desservi\u00e7o para a sociedade.<\/p>\n\n\n\n<p>\u201cA sociedade hoje sabe que houve uma explos\u00e3o de curso de direito, essa explos\u00e3o n\u00e3o foi acompanhada da devida qualidade, e aquele advogado que sai da faculdade, quando vira advogado, ao passar no exame, tem o selo de qualidade. Se n\u00f3s tirarmos esse selo, quem vai estar desprotegido \u00e9 o cidad\u00e3o\u201d, afirmou.<\/p>\n\n\n\n<div class=\"wp-block-image\"><figure class=\"aligncenter\"><img decoding=\"async\" data-src=\"https:\/\/i2.wp.com\/www.vitrinedocariri.com.br\/wp-content\/uploads\/2019\/07\/005.jpeg?zoom=2&amp;resize=330%2C219&amp;ssl=1\" alt=\"\" class=\"wp-image-47754 lazyload\" src=\"data:image\/svg+xml;base64,PHN2ZyB3aWR0aD0iMSIgaGVpZ2h0PSIxIiB4bWxucz0iaHR0cDovL3d3dy53My5vcmcvMjAwMC9zdmciPjwvc3ZnPg==\" \/><\/figure><\/div>\n\n\n\n<div class=\"wp-block-image\"><figure class=\"aligncenter\"><img decoding=\"async\" data-src=\"https:\/\/i1.wp.com\/www.vitrinedocariri.com.br\/wp-content\/uploads\/2019\/07\/006.jpeg?zoom=2&amp;resize=330%2C247&amp;ssl=1\" alt=\"\" class=\"wp-image-47755 lazyload\" src=\"data:image\/svg+xml;base64,PHN2ZyB3aWR0aD0iMSIgaGVpZ2h0PSIxIiB4bWxucz0iaHR0cDovL3d3dy53My5vcmcvMjAwMC9zdmciPjwvc3ZnPg==\" \/><\/figure><\/div>\n\n\n\n<div class=\"wp-block-image\"><figure class=\"aligncenter\"><img decoding=\"async\" data-src=\"https:\/\/i0.wp.com\/www.vitrinedocariri.com.br\/wp-content\/uploads\/2019\/07\/007.jpeg?zoom=2&amp;resize=330%2C318&amp;ssl=1\" alt=\"\" class=\"wp-image-47756 lazyload\" src=\"data:image\/svg+xml;base64,PHN2ZyB3aWR0aD0iMSIgaGVpZ2h0PSIxIiB4bWxucz0iaHR0cDovL3d3dy53My5vcmcvMjAwMC9zdmciPjwvc3ZnPg==\" \/><\/figure><\/div>\n\n\n\n<div class=\"wp-block-image\"><figure class=\"aligncenter\"><img decoding=\"async\" data-src=\"https:\/\/i1.wp.com\/www.vitrinedocariri.com.br\/wp-content\/uploads\/2019\/07\/003-3.jpeg?zoom=2&amp;resize=330%2C219&amp;ssl=1\" alt=\"\" class=\"wp-image-47753 lazyload\" src=\"data:image\/svg+xml;base64,PHN2ZyB3aWR0aD0iMSIgaGVpZ2h0PSIxIiB4bWxucz0iaHR0cDovL3d3dy53My5vcmcvMjAwMC9zdmciPjwvc3ZnPg==\" \/><\/figure><\/div>\n","protected":false},"excerpt":{"rendered":"<p>O Presidente do Conselho Federal da Ordem dos Advogados do Brasil (CFOAB), Felipe Santa Cruz, cumpriu agenda nesta sexta-feira (05), no munic\u00edpio de Monteiro, no&hellip; <\/p>\n","protected":false},"author":1,"featured_media":103577,"comment_status":"closed","ping_status":"closed","sticky":false,"template":"","format":"standard","meta":{"sfsi_plus_gutenberg_text_before_share":"","sfsi_plus_gutenberg_show_text_before_share":"","sfsi_plus_gutenberg_icon_type":"","sfsi_plus_gutenberg_icon_alignemt":"","sfsi_plus_gutenburg_max_per_row":"","footnotes":""},"categories":[2],"tags":[],"class_list":["post-103576","post","type-post","status-publish","format-standard","has-post-thumbnail","hentry","category-geral"],"_links":{"self":[{"href":"https:\/\/www.caririemacao.com\/1\/wp-json\/wp\/v2\/posts\/103576","targetHints":{"allow":["GET"]}}],"collection":[{"href":"https:\/\/www.caririemacao.com\/1\/wp-json\/wp\/v2\/posts"}],"about":[{"href":"https:\/\/www.caririemacao.com\/1\/wp-json\/wp\/v2\/types\/post"}],"author":[{"embeddable":true,"href":"https:\/\/www.caririemacao.com\/1\/wp-json\/wp\/v2\/users\/1"}],"replies":[{"embeddable":true,"href":"https:\/\/www.caririemacao.com\/1\/wp-json\/wp\/v2\/comments?post=103576"}],"version-history":[{"count":1,"href":"https:\/\/www.caririemacao.com\/1\/wp-json\/wp\/v2\/posts\/103576\/revisions"}],"predecessor-version":[{"id":103578,"href":"https:\/\/www.caririemacao.com\/1\/wp-json\/wp\/v2\/posts\/103576\/revisions\/103578"}],"wp:featuredmedia":[{"embeddable":true,"href":"https:\/\/www.caririemacao.com\/1\/wp-json\/wp\/v2\/media\/103577"}],"wp:attachment":[{"href":"https:\/\/www.caririemacao.com\/1\/wp-json\/wp\/v2\/media?parent=103576"}],"wp:term":[{"taxonomy":"category","embeddable":true,"href":"https:\/\/www.caririemacao.com\/1\/wp-json\/wp\/v2\/categories?post=103576"},{"taxonomy":"post_tag","embeddable":true,"href":"https:\/\/www.caririemacao.com\/1\/wp-json\/wp\/v2\/tags?post=103576"}],"curies":[{"name":"wp","href":"https:\/\/api.w.org\/{rel}","templated":true}]}}