{"id":103584,"date":"2019-07-06T09:26:53","date_gmt":"2019-07-06T12:26:53","guid":{"rendered":"http:\/\/www.caririemacao.com\/1\/?p=103584"},"modified":"2019-07-06T09:26:53","modified_gmt":"2019-07-06T12:26:53","slug":"cafes-especiais-ampliam-mercado-dentro-e-fora-do-brasil","status":"publish","type":"post","link":"https:\/\/www.caririemacao.com\/1\/2019\/07\/06\/cafes-especiais-ampliam-mercado-dentro-e-fora-do-brasil\/","title":{"rendered":"Caf\u00e9s especiais ampliam mercado dentro e fora do Brasil"},"content":{"rendered":"\n<p>O cultivo e a produ\u00e7\u00e3o de caf\u00e9s especiais podem aumentar o mercado e agregar valor a um dos produtos mais tradicionais da lavoura brasileira. A expans\u00e3o potencial ocorrer\u00e1 se o pa\u00eds vender mais caf\u00e9 industrializado e reverter a tend\u00eancia de comoditiza\u00e7\u00e3o das exporta\u00e7\u00f5es.<\/p>\n\n\n\n<p>Conforme&nbsp;<a href=\"https:\/\/imagenscnc.files.wordpress.com\/2019\/01\/mapa-sum%C3%A1rio-executivo-do-caf%C3%A9-jan2019.pdf\" target=\"_blank\" rel=\"noreferrer noopener\">sum\u00e1rio executivo do Minist\u00e9rio da Agricultura, Pecu\u00e1ria e Abastecimento (Mapa)<\/a>, o Brasil exportou 34,1 milh\u00f5es de sacas de caf\u00e9 (60 kg) no ano passado. Cerca de nove a cada dez sacas vendidas foram de caf\u00e9 verde (em gr\u00e3os n\u00e3o torrados). A comercializa\u00e7\u00e3o de caf\u00e9 torrado e sol\u00favel \u00e9 pouco superior a 10% do total.<\/p>\n\n\n\n<p>De acordo com Ivan Oliveira, diretor de Estudos e Rela\u00e7\u00f5es Econ\u00f4micas e Pol\u00edticas Internacionais do Ipea, o pa\u00eds perdeu espa\u00e7o na venda de caf\u00e9 industrializado. Segundo ele, na d\u00e9cada de 1990, 51% das exporta\u00e7\u00f5es eram de caf\u00e9 sol\u00favel (pronto para consumo).<\/p>\n\n\n\n<p>\u201cA gente perdeu muito espa\u00e7o no caf\u00e9 processado no mundo\u201d, observa. \u201cDeixamos o bonde da industrializa\u00e7\u00e3o e da gourmetiza\u00e7\u00e3o do caf\u00e9, muito por conta do fechamento do mercado brasileiro de gr\u00e3os\u201d, aponta.<\/p>\n\n\n\n<p>O fechamento do mercado brasileiro para gr\u00e3os produzidos em outros pa\u00edses \u00e9 medida de prote\u00e7\u00e3o fitossanit\u00e1ria para evitar a contamina\u00e7\u00e3o da lavoura brasileira com pragas que possam entrar no pa\u00eds por meio de gr\u00e3os importados.&nbsp;<a href=\"http:\/\/www.ipea.gov.br\/portal\/images\/stories\/PDFs\/relatorio_institucional\/181128_relatorio_institucional_rIs_barreiras_nao_tarifarias_cafe.pdf\" target=\"_blank\" rel=\"noreferrer noopener\">Estudo do Ipea<\/a>contabiliza, no entanto, que a medida tem como efeito gerar uma barreira n\u00e3o tarif\u00e1ria que aumenta o custo do gr\u00e3o importado em 13,61%.<\/p>\n\n\n\n<p>Em entrevista ao programa Brasil Rural, da&nbsp;<strong>R\u00e1dio Nacional<\/strong>, o pesquisador da Embrapa Enrique Alves revelou que, em Rond\u00f4nia, ind\u00edgenas recebem apoio para produ\u00e7\u00e3o de caf\u00e9 de alta qualidade. Ou\u00e7a!Audio Player00:0000:00<\/p>\n\n\n\n<h2 class=\"wp-block-heading\">Vis\u00f5es de oportunidade<\/h2>\n\n\n\n<figure class=\"wp-block-image\"><img decoding=\"async\" data-src=\"http:\/\/imagens.ebc.com.br\/9WXp6Kz89Y_bwm46Dj4-EwaGtwA=\/754x0\/smart\/http:\/\/agenciabrasil.ebc.com.br\/sites\/default\/files\/thumbnails\/image\/mca_abr_17061917251.jpg?itok=4Inum0YR\" alt=\"Gr\u00e3os de caf\u00e9\" src=\"data:image\/svg+xml;base64,PHN2ZyB3aWR0aD0iMSIgaGVpZ2h0PSIxIiB4bWxucz0iaHR0cDovL3d3dy53My5vcmcvMjAwMC9zdmciPjwvc3ZnPg==\" class=\"lazyload\" \/><\/figure>\n\n\n\n<p>Pequenas torrefa\u00e7\u00f5es preparam gr\u00e3os especiais de caf\u00e9 &#8211;&nbsp;&nbsp;<strong>Marcello Casal Jr \/ Ag\u00eancia Brasil<\/strong><\/p>\n\n\n\n<p>Para Oliveira, a medida dificulta o aumento de produ\u00e7\u00e3o do caf\u00e9 sol\u00favel, que tem maior valor agregado do que o produto em gr\u00e3os, e cuja industrializa\u00e7\u00e3o gera mais empregos. \u201cAo fechar o mercado, ao n\u00e3o permitir a entrada de caf\u00e9 em gr\u00e3o no Brasil, n\u00e3o se garante ao investidor que quer montar uma f\u00e1brica de processamento de caf\u00e9 a mat\u00e9ria-prima fundamental para que ele possa ter a atividade\u201d, detalha.<\/p>\n\n\n\n<p>Segundo o especialista, se o Brasil n\u00e3o tivesse a pol\u00edtica t\u00e3o protetiva, o pa\u00eds poderia se dedicar mais a produ\u00e7\u00e3o de caf\u00e9s feitos a partir de misturas (<em>blends<\/em>) como fazem pa\u00edses como Alemanha, Fran\u00e7a, Holanda, B\u00e9lgica e Espanha. Em vez disso, o Brasil \u00e9 nicho de mercado para esses pa\u00edses, por exemplo, na compra de c\u00e1psulas de caf\u00e9 que trazem misturados produtos de diferentes origens (\u00c1sia, \u00c1frica, Am\u00e9rica Central e Am\u00e9rica do Sul).<\/p>\n\n\n\n<p>\u201cAs grandes empresas n\u00e3o v\u00eam para c\u00e1 por causa desse tipo de dificuldade: de precisarem de um tipo de caf\u00e9 para produzir<em>&nbsp;blend<\/em>&nbsp;e o Brasil proibir importa\u00e7\u00e3o\u201d, analisa Ant\u00f4nio Guerra, chefe geral da Embrapa Caf\u00e9.<\/p>\n\n\n\n<p>Nathan Herszkowicz, diretor executivo da Associa\u00e7\u00e3o Brasileira da Ind\u00fastria de Caf\u00e9 (Abic), opina que o sucesso das exporta\u00e7\u00f5es de caf\u00e9 verde desestimulou a venda de mais caf\u00e9 processado. \u201cEsse valor foi sempre t\u00e3o expressivo que os brasileiros perderam a vis\u00e3o de oportunidade que o mercado poderia apresentar\u201d. Ele reconhece, no entanto, que \u201cexportar o gr\u00e3o cru \u00e9 deixar de ganhar uma parte importante do pre\u00e7o da saca\u201d.<\/p>\n\n\n\n<p>Em entrevista \u00e0&nbsp;<strong>R\u00e1dio Nacional,&nbsp;<\/strong>o pesquisador da&nbsp;Embrapa Caf\u00e9 Ant\u00f4nio Eberle explica que o programa Avan\u00e7a Caf\u00e9 busca incentivar e promover a cria\u00e7\u00e3o de tecnologias e inova\u00e7\u00f5es para a cadeia produtiva do caf\u00e9. Ou\u00e7a!Audio Player00:0000:00<\/p>\n\n\n\n<h2 class=\"wp-block-heading\">Economia globalizada<\/h2>\n\n\n\n<figure class=\"wp-block-image\"><img decoding=\"async\" data-src=\"http:\/\/imagens.ebc.com.br\/uTE9uVtjAtE7nWtgASS75c-XL0c=\/754x0\/smart\/http:\/\/agenciabrasil.ebc.com.br\/sites\/default\/files\/thumbnails\/image\/saca_cafe_mca_abr_17061917239.jpg?itok=EOH2vp8I\" alt=\"Sacas de caf\u00e9\" src=\"data:image\/svg+xml;base64,PHN2ZyB3aWR0aD0iMSIgaGVpZ2h0PSIxIiB4bWxucz0iaHR0cDovL3d3dy53My5vcmcvMjAwMC9zdmciPjwvc3ZnPg==\" class=\"lazyload\" \/><\/figure>\n\n\n\n<p>Caf\u00e9s especiais agregam valor \u00e0s exporta\u00e7\u00f5es brasileiras &#8211;&nbsp;<strong>Marcello Casal Jr \/ Ag\u00eancia Brasil<\/strong><\/p>\n\n\n\n<p>S\u00edlvio Farnese, diretor de Comercializa\u00e7\u00e3o e Abastecimento do Mapa admite que o caf\u00e9 sol\u00favel \u00e9 um produto estrat\u00e9gico e que abre porta para o produto brasileiro em mercados sem o h\u00e1bito de consumir a bebida, como pa\u00edses da \u00c1sia, pois \u201ctem o mesmo preparo do ch\u00e1\u201d.<\/p>\n\n\n\n<p>Ele pondera, no entanto, que \u201ca agrega\u00e7\u00e3o de valor \u00e9 um discurso saud\u00e1vel\u201d, mas tem que ser repensado no contexto econ\u00f4mico. \u201cO mercado globalizado tem dificuldade de aceitar de um s\u00f3 pa\u00eds a produ\u00e7\u00e3o integral. Se o pa\u00eds quiser vender o top da agrega\u00e7\u00e3o de valor, est\u00e1 tirando a possibilidade do comprador fazer uma parte do produto e ganhar com isso\u201d, assinala.<\/p>\n\n\n\n<p>\u201cNa economia globalizada temos que dividir a receita. Quem produz ganha uma parte, quem industrializa ganha outra\u201d, avalia Farnese. Conforme o diretor do Mapa, o Brasil est\u00e1 buscando agregar valor ao caf\u00e9 na melhoria da qualidade do gr\u00e3o ofertado e especializa\u00e7\u00e3o. \u201cNa produ\u00e7\u00e3o de caf\u00e9, h\u00e1 possibilidade de altera\u00e7\u00e3o de sabor, aroma e paladar altera\u00e7\u00e3o depende da mistura dos gr\u00e3os\u201d.<\/p>\n\n\n\n<p>Em entrevista ao programa&nbsp;Natureza Viva, da&nbsp;<strong>R\u00e1dio Nacional<\/strong>, Mara R\u00e9gia conversa com Cristina Arzabe, uma das autoras&nbsp;do livro \u201cMulheres do Caf\u00e9 no Brasil\u201d. Ou\u00e7a!Audio Player00:0000:00<\/p>\n\n\n\n<h2 class=\"wp-block-heading\">Caf\u00e9s especiais<\/h2>\n\n\n\n<figure><iframe allowfullscreen=\"\" data-src=\"https:\/\/www.youtube.com\/embed\/geWMNIzmVQ0\" src=\"data:image\/svg+xml;base64,PHN2ZyB3aWR0aD0iMSIgaGVpZ2h0PSIxIiB4bWxucz0iaHR0cDovL3d3dy53My5vcmcvMjAwMC9zdmciPjwvc3ZnPg==\" class=\"lazyload\" data-load-mode=\"1\"><\/iframe><\/figure>\n\n\n\n<p>Conforme os especialistas ouvidos pela&nbsp;<strong>Ag\u00eancia Brasil<\/strong>, o mercado de caf\u00e9 no Brasil cresce a uma m\u00e9dia de 2% ao ano. No caso de caf\u00e9 especiais, o crescimento \u00e9 de 7% ao ano. O aumento de produ\u00e7\u00e3o de caf\u00e9 especiais j\u00e1 reflete nas exporta\u00e7\u00f5es, que equivalem a duas de cada dez sacas exportadas pelo Brasil.<\/p>\n\n\n\n<p>A Associa\u00e7\u00e3o Brasileira de Caf\u00e9s Especiais (BSCA, sigla em ingl\u00eas) credenciou 14 empresas exportadoras de Minas Gerais, Paran\u00e1 e S\u00e3o Paulo, e&nbsp;<a href=\"http:\/\/brazilcoffeenation.com.br\/variety\/list\" target=\"_blank\" rel=\"noreferrer noopener\">descreve 45 variedades de caf\u00e9s especiais<\/a>.<\/p>\n\n\n\n<p>A mestre de torras Nathalia Rodrigues, que trabalha em uma microempresa de torrefa\u00e7\u00e3o de caf\u00e9s especiais em Bras\u00edlia, reclama da infraestrutura para escoamento da produ\u00e7\u00e3o e exporta\u00e7\u00e3o, que tamb\u00e9m afeta outros setores do agroneg\u00f3cio. \u201cVender caf\u00e9 especial para o mercado externo exige uma log\u00edstica que o Brasil ainda n\u00e3o est\u00e1 preparado\u201d, alerta.<\/p>\n\n\n\n<figure class=\"wp-block-image\"><img decoding=\"async\" data-src=\"http:\/\/imagens.ebc.com.br\/ueTXri3duYJ2tLMl-bXNRoLZgCM=\/754x0\/smart\/http:\/\/agenciabrasil.ebc.com.br\/sites\/default\/files\/thumbnails\/image\/mca_abr_17061917244.jpg?itok=7QUJXTWC\" alt=\"Nath\u00e1lia Rodrigues \u00e9 mestre de torras em uma microempresa de torrefa\u00e7\u00e3o de caf\u00e9s especiais em Bras\u00edlia. \" src=\"data:image\/svg+xml;base64,PHN2ZyB3aWR0aD0iMSIgaGVpZ2h0PSIxIiB4bWxucz0iaHR0cDovL3d3dy53My5vcmcvMjAwMC9zdmciPjwvc3ZnPg==\" class=\"lazyload\" \/><\/figure>\n\n\n\n<p>Nath\u00e1lia Rodrigues \u00e9 mestre de torras em uma microempresa de torrefa\u00e7\u00e3o de caf\u00e9s especiais em Bras\u00edlia. &#8211;&nbsp;<strong>Marcello Casal Jr \/ Ag\u00eancia Brasil<\/strong><\/p>\n\n\n\n<p>A log\u00edstica \u00e9 determinante para agilizar a entrega do caf\u00e9 especial no destino. A imediatez desse processo favorece o consumo de um produto com mais qualidade. \u201cDepois do caf\u00e9 ser torrado h\u00e1 uma perda sensorial, com a oxida\u00e7\u00e3o do fruto e redu\u00e7\u00e3o do g\u00e1s carb\u00f4nico\u201d, explica.<\/p>\n\n\n\n<p>De acordo com a mestre, conhecimento sobre esses processos s\u00e3o partilhados hoje e aumentou a vis\u00e3o sobre a import\u00e2ncia da produ\u00e7\u00e3o de excel\u00eancia. \u201cExiste reconhecimento nacional de que a gente pode ocupar uma escala muito maior que temos ocupado. O cen\u00e1rio do caf\u00e9 especial est\u00e1 acontecendo agora\u201d.<\/p>\n\n\n\n<p>Em entrevista ao programa Brasil Rural, da&nbsp;<strong>R\u00e1dio Nacional<\/strong>, os pesquisadores do Instituto Agron\u00f4mico (IAC) J\u00falio C\u00e9sar Mistro e Maria Bernadete Silvarolla contam detalhes do experimento que apresenta um caf\u00e9 que j\u00e1 nasce sem cafe\u00edna. Ou\u00e7a!Audio Player00:0000:00<\/p>\n\n\n\n<h2 class=\"wp-block-heading\">Pre\u00e7o e qualidade<\/h2>\n\n\n\n<figure class=\"wp-block-image\"><img decoding=\"async\" data-src=\"http:\/\/imagens.ebc.com.br\/A8D915AUtYC8biJgjp23VHp7gmQ=\/754x0\/smart\/http:\/\/agenciabrasil.ebc.com.br\/sites\/default\/files\/thumbnails\/image\/mca_abr_17061917233.jpg?itok=TykXqzxI\" alt=\"Caf\u00e9\" src=\"data:image\/svg+xml;base64,PHN2ZyB3aWR0aD0iMSIgaGVpZ2h0PSIxIiB4bWxucz0iaHR0cDovL3d3dy53My5vcmcvMjAwMC9zdmciPjwvc3ZnPg==\" class=\"lazyload\" \/><\/figure>\n\n\n\n<p>Preparo de caf\u00e9 especial agrega valor ao produto &#8211;&nbsp;<strong>Marcello Casal Jr \/ Ag\u00eancia Brasil<\/strong><\/p>\n\n\n\n<p>A saca de 60 kg de caf\u00e9 ar\u00e1bica fechou na \u00faltima semana (sexta-feira, 05) em torno de&nbsp;R$ 440, conforme a proced\u00eancia. Segundo Nathalia Rodrigues, a saca com gr\u00e3os especiais custa o dobro desse pre\u00e7o no m\u00ednimo, e pode atingir a valores bastante superiores em caso de gr\u00e3os premiados.<\/p>\n\n\n\n<p>\u201cTem pre\u00e7o de venda maior e agrega valor desde o come\u00e7o da cadeia produtiva, desde o produtor no campo at\u00e9 o industrial\u201d, aprova Nathan Herszkowicz, da Abic. O representante da ind\u00fastria cafeeira acredita que em cinco anos haver\u00e1 mais produ\u00e7\u00e3o e diversifica\u00e7\u00e3o de atividades da ind\u00fastria, \u201cn\u00e3o s\u00f3 aquelas que torram o gr\u00e3o, mas ind\u00fastrias que vendem o pacote inteiro da m\u00e1quina de caf\u00e9 at\u00e9 as maneiras diferentes de consumi-lo\u201d.<\/p>\n\n\n\n<p>\u201cO consumidor est\u00e1 cada vez mais exigente e, como consequ\u00eancia, aceita pagar um pouco mais por uma bebida melhor\u201d, acrescenta Lucas Tadeu Ferreira, analista Embrapa Caf\u00e9.<\/p>\n\n\n\n<p>A pesquisa no campo \u00e9 chave para o aprimoramento da qualidade do caf\u00e9 e da produtividade. Ferreira descreve que o esfor\u00e7o come\u00e7a antes da lavoura. \u201cA melhoria come\u00e7a com a sele\u00e7\u00e3o das cultivares das plantas\u201d.<\/p>\n\n\n\n<p>Depois do plantio, h\u00e1 cuidados por d\u00e9cadas de manejo de uma cultura que \u00e9 perene. O regime de irriga\u00e7\u00e3o, controle de nutrientes e uso de defensivos repercutem na florada e no nascimento dos frutos. Ap\u00f3s a colheita, h\u00e1 o beneficiamento dos gr\u00e3os (seca natural ou despolpamento) e sele\u00e7\u00e3o para a forma\u00e7\u00e3o das sacas.<\/p>\n\n\n\n<figure class=\"wp-block-image\"><img decoding=\"async\" data-src=\"http:\/\/imagens.ebc.com.br\/QNEDwDSJw921XZZVoVLLWf72-sE=\/754x0\/smart\/http:\/\/agenciabrasil.ebc.com.br\/sites\/default\/files\/thumbnails\/image\/vac_abr_10061916762.jpg?itok=C7v7DuX1\" alt=\"Planta\u00e7\u00e3o de Caf\u00e9\" src=\"data:image\/svg+xml;base64,PHN2ZyB3aWR0aD0iMSIgaGVpZ2h0PSIxIiB4bWxucz0iaHR0cDovL3d3dy53My5vcmcvMjAwMC9zdmciPjwvc3ZnPg==\" class=\"lazyload\" \/><\/figure>\n\n\n\n<p>Embrapa controla irriga\u00e7\u00e3o de caf\u00e9 para aumentar produ\u00e7\u00e3o &#8211;&nbsp;<strong>Valter Campanato \/ Ag\u00eancia Brasil<\/strong><\/p>\n\n\n\n<p>A Embrapa trabalha, em sua fazenda em Planaltina no Distrito Federal, no desenvolvimento da esp\u00e9cie de caf\u00e9 robusta, tipo mais requisitado pela ind\u00fastria para fazer caf\u00e9 sol\u00favel. O produto tem pre\u00e7o mais baixo que o caf\u00e9 ar\u00e1bica e produz o creme apreciado por bebedores de caf\u00e9-expresso.<\/p>\n\n\n\n<p>Por ora, as investiga\u00e7\u00f5es da empresa estatal j\u00e1 descobriram como fazer os arbustos do caf\u00e9 robusta serem 80% mais produtivos a 1.050 metros de altitude (relevo de Bras\u00edlia) do que s\u00e3o em seu habitat mais pr\u00f3ximo de regi\u00f5es litor\u00e2neas, como as lavouras da Bahia e do Esp\u00edrito Santo (500 \u2013 600 metros de altitude). Al\u00e9m dessa vantagem, a colheita no cerrado, em lavouras de relevo plano, pode ser mecanizada e mais r\u00e1pida.<\/p>\n\n\n\n<figure class=\"wp-block-image\"><img decoding=\"async\" data-src=\"http:\/\/imagens.ebc.com.br\/uvp1cz-dXZAihBYR9wTCDpZdtFE=\/754x0\/smart\/http:\/\/agenciabrasil.ebc.com.br\/sites\/default\/files\/thumbnails\/image\/vac_abr_10061916754.jpg?itok=EDai26hX\" alt=\"Planta\u00e7\u00e3o de Caf\u00e9\" src=\"data:image\/svg+xml;base64,PHN2ZyB3aWR0aD0iMSIgaGVpZ2h0PSIxIiB4bWxucz0iaHR0cDovL3d3dy53My5vcmcvMjAwMC9zdmciPjwvc3ZnPg==\" class=\"lazyload\" \/><\/figure>\n\n\n\n<p>Caf\u00e9 robusta no cerrado \u00e9 80% mais produtivo &#8211;&nbsp;<strong>Valter Campanato \/ Ag\u00eancia Brasil<\/strong><\/p>\n\n\n\n<p>O Brasil \u00e9 o maior produtor e exportador de caf\u00e9 no mundo. O pa\u00eds \u00e9 o segundo maior mercado consumidor da bebida. De cada tr\u00eas x\u00edcaras consumidas no planeta, uma tem caf\u00e9 origin\u00e1rio do Brasil (geralmente do tipo ar\u00e1bica). No ano passado, segundo o Minist\u00e9rio da Economia, o caf\u00e9 rendeu US$ 4,36 bilh\u00f5es com exporta\u00e7\u00e3o.<\/p>\n\n\n\n<p>Trezentos mil produtores fornecem caf\u00e9 para o mercado externo e interno, e cultivam o caf\u00e9 em lavoras de sete hectares em m\u00e9dia. A \u00e1rea total plantada equivale a 1,8 milh\u00e3o campos de futebol (1,8 milh\u00e3o de hectares). H\u00e1 produ\u00e7\u00e3o de caf\u00e9 em cerca de 2 mil munic\u00edpios brasileiros.<\/p>\n\n\n\n<p>O programa da&nbsp;<strong>TV Brasil<\/strong>,&nbsp;<a href=\"http:\/\/tvbrasil.ebc.com.br\/caminhosdareportagem\" target=\"_blank\" rel=\"noreferrer noopener\">Caminhos da Reportagem<\/a>, convida voc\u00ea para conhecer a hist\u00f3ria, os casar\u00f5es e as novas planta\u00e7\u00f5es de caf\u00e9 do Vale do Para\u00edba. Assista!<\/p>\n\n\n\n<figure><iframe allowfullscreen=\"\" data-src=\"https:\/\/www.youtube.com\/embed\/Xto0LJWbqj4\" src=\"data:image\/svg+xml;base64,PHN2ZyB3aWR0aD0iMSIgaGVpZ2h0PSIxIiB4bWxucz0iaHR0cDovL3d3dy53My5vcmcvMjAwMC9zdmciPjwvc3ZnPg==\" class=\"lazyload\" data-load-mode=\"1\"><\/iframe><\/figure>\n\n\n\n<p>Na&nbsp;<strong>R\u00e1dio Nacional<\/strong>, o programa Natureza Viva&nbsp;bateu um papo com a comediante Concessa,&nbsp;que trouxe uma vis\u00e3o irreverente e sincera do caf\u00e9 na vida da popula\u00e7\u00e3o brasileira. Ou\u00e7a!Audio Player00:0000:00<br><\/p>\n","protected":false},"excerpt":{"rendered":"<p>O cultivo e a produ\u00e7\u00e3o de caf\u00e9s especiais podem aumentar o mercado e agregar valor a um dos produtos mais tradicionais da lavoura brasileira. A&hellip; <\/p>\n","protected":false},"author":1,"featured_media":103585,"comment_status":"closed","ping_status":"closed","sticky":false,"template":"","format":"standard","meta":{"sfsi_plus_gutenberg_text_before_share":"","sfsi_plus_gutenberg_show_text_before_share":"","sfsi_plus_gutenberg_icon_type":"","sfsi_plus_gutenberg_icon_alignemt":"","sfsi_plus_gutenburg_max_per_row":"","footnotes":""},"categories":[2],"tags":[],"class_list":["post-103584","post","type-post","status-publish","format-standard","has-post-thumbnail","hentry","category-geral"],"_links":{"self":[{"href":"https:\/\/www.caririemacao.com\/1\/wp-json\/wp\/v2\/posts\/103584","targetHints":{"allow":["GET"]}}],"collection":[{"href":"https:\/\/www.caririemacao.com\/1\/wp-json\/wp\/v2\/posts"}],"about":[{"href":"https:\/\/www.caririemacao.com\/1\/wp-json\/wp\/v2\/types\/post"}],"author":[{"embeddable":true,"href":"https:\/\/www.caririemacao.com\/1\/wp-json\/wp\/v2\/users\/1"}],"replies":[{"embeddable":true,"href":"https:\/\/www.caririemacao.com\/1\/wp-json\/wp\/v2\/comments?post=103584"}],"version-history":[{"count":1,"href":"https:\/\/www.caririemacao.com\/1\/wp-json\/wp\/v2\/posts\/103584\/revisions"}],"predecessor-version":[{"id":103586,"href":"https:\/\/www.caririemacao.com\/1\/wp-json\/wp\/v2\/posts\/103584\/revisions\/103586"}],"wp:featuredmedia":[{"embeddable":true,"href":"https:\/\/www.caririemacao.com\/1\/wp-json\/wp\/v2\/media\/103585"}],"wp:attachment":[{"href":"https:\/\/www.caririemacao.com\/1\/wp-json\/wp\/v2\/media?parent=103584"}],"wp:term":[{"taxonomy":"category","embeddable":true,"href":"https:\/\/www.caririemacao.com\/1\/wp-json\/wp\/v2\/categories?post=103584"},{"taxonomy":"post_tag","embeddable":true,"href":"https:\/\/www.caririemacao.com\/1\/wp-json\/wp\/v2\/tags?post=103584"}],"curies":[{"name":"wp","href":"https:\/\/api.w.org\/{rel}","templated":true}]}}