{"id":103594,"date":"2019-07-06T10:18:11","date_gmt":"2019-07-06T13:18:11","guid":{"rendered":"http:\/\/www.caririemacao.com\/1\/?p=103594"},"modified":"2019-07-06T10:18:11","modified_gmt":"2019-07-06T13:18:11","slug":"sao-joao-2019-e-alvo-de-elogios-na-1a-sessao-da-camara-de-monteiro-apos-o-recesso","status":"publish","type":"post","link":"https:\/\/www.caririemacao.com\/1\/2019\/07\/06\/sao-joao-2019-e-alvo-de-elogios-na-1a-sessao-da-camara-de-monteiro-apos-o-recesso\/","title":{"rendered":"S\u00e3o Jo\u00e3o 2019 \u00e9 alvo de elogios na 1\u00aa sess\u00e3o da C\u00e2mara de Monteiro ap\u00f3s o recesso"},"content":{"rendered":"\n<p>Ap\u00f3s o recesso junino, a C\u00e2mara de Monteiro voltou a realizar sess\u00f5es ordin\u00e1rias na noite desta quinta feira, (04) com a participa\u00e7\u00e3o de convidados e autoridades, entre elas o vice prefeito Celecileno Alves.<\/p>\n\n\n\n<p>Entre os v\u00e1rios temas colocados em pauta pelos parlamentares atrav\u00e9s de projetos e atrav\u00e9s do uso da tribuna, o sucesso do S\u00e3o Jo\u00e3o de Monteiro em 2019 foi unanimidade.<\/p>\n\n\n\n<p>Mo\u00e7\u00f5es de aplauso e coment\u00e1rios na tribuna foram direcionados por todos os presentes, inclusive de forma democr\u00e1tica e em sinal de reconhecimento pelos vereadores de oposi\u00e7\u00e3o, Chuta, Lito e Cour\u00e3o.<\/p>\n\n\n\n<p>A secret\u00e1ria de cultura Christiane Leal e toda a sua equipe de trabalho figuraram entre os principais alvos dos elogios, pela luta, pela organiza\u00e7\u00e3o e pela forma din\u00e2mica com a qual se portaram diante do grande desafio imposto por determina\u00e7\u00e3o da prefeita Anna Lorena, de criar a CIDADE FORR\u00d3.<\/p>\n\n\n\n<p>\u201cA secret\u00e1ria Christiane, coordenou de forma harmoniosa uma equipe que promoveu um espet\u00e1culo impec\u00e1vel e inesquec\u00edvel, na maior edi\u00e7\u00e3o dos festejos juninos da hist\u00f3ria de Monteiro\u201d, citou o vice prefeito Celecileno, entre outros elogios.<\/p>\n","protected":false},"excerpt":{"rendered":"<p>Ap\u00f3s o recesso junino, a C\u00e2mara de Monteiro voltou a realizar sess\u00f5es ordin\u00e1rias na noite desta quinta feira, (04) com a participa\u00e7\u00e3o de convidados e&hellip; <\/p>\n","protected":false},"author":1,"featured_media":103595,"comment_status":"closed","ping_status":"closed","sticky":false,"template":"","format":"standard","meta":{"sfsi_plus_gutenberg_text_before_share":"","sfsi_plus_gutenberg_show_text_before_share":"","sfsi_plus_gutenberg_icon_type":"","sfsi_plus_gutenberg_icon_alignemt":"","sfsi_plus_gutenburg_max_per_row":"","footnotes":""},"categories":[2],"tags":[],"class_list":["post-103594","post","type-post","status-publish","format-standard","has-post-thumbnail","hentry","category-geral"],"_links":{"self":[{"href":"https:\/\/www.caririemacao.com\/1\/wp-json\/wp\/v2\/posts\/103594","targetHints":{"allow":["GET"]}}],"collection":[{"href":"https:\/\/www.caririemacao.com\/1\/wp-json\/wp\/v2\/posts"}],"about":[{"href":"https:\/\/www.caririemacao.com\/1\/wp-json\/wp\/v2\/types\/post"}],"author":[{"embeddable":true,"href":"https:\/\/www.caririemacao.com\/1\/wp-json\/wp\/v2\/users\/1"}],"replies":[{"embeddable":true,"href":"https:\/\/www.caririemacao.com\/1\/wp-json\/wp\/v2\/comments?post=103594"}],"version-history":[{"count":1,"href":"https:\/\/www.caririemacao.com\/1\/wp-json\/wp\/v2\/posts\/103594\/revisions"}],"predecessor-version":[{"id":103596,"href":"https:\/\/www.caririemacao.com\/1\/wp-json\/wp\/v2\/posts\/103594\/revisions\/103596"}],"wp:featuredmedia":[{"embeddable":true,"href":"https:\/\/www.caririemacao.com\/1\/wp-json\/wp\/v2\/media\/103595"}],"wp:attachment":[{"href":"https:\/\/www.caririemacao.com\/1\/wp-json\/wp\/v2\/media?parent=103594"}],"wp:term":[{"taxonomy":"category","embeddable":true,"href":"https:\/\/www.caririemacao.com\/1\/wp-json\/wp\/v2\/categories?post=103594"},{"taxonomy":"post_tag","embeddable":true,"href":"https:\/\/www.caririemacao.com\/1\/wp-json\/wp\/v2\/tags?post=103594"}],"curies":[{"name":"wp","href":"https:\/\/api.w.org\/{rel}","templated":true}]}}