{"id":103606,"date":"2019-07-06T11:53:51","date_gmt":"2019-07-06T14:53:51","guid":{"rendered":"http:\/\/www.caririemacao.com\/1\/?p=103606"},"modified":"2019-07-06T11:53:51","modified_gmt":"2019-07-06T14:53:51","slug":"homem-sofre-tentativa-de-homicidio-em-sua-residencia-em-cidade-do-cariri","status":"publish","type":"post","link":"https:\/\/www.caririemacao.com\/1\/2019\/07\/06\/homem-sofre-tentativa-de-homicidio-em-sua-residencia-em-cidade-do-cariri\/","title":{"rendered":"Homem sofre tentativa de homic\u00eddio em sua resid\u00eancia em cidade do Cariri"},"content":{"rendered":"\n<p>Uma tentativa de homic\u00eddio foi registrada na cidade de Barra de S\u00e3o Miguel, Cariri da Para\u00edba, nesta madrugada.<\/p>\n\n\n\n<p>Segundo informa\u00e7\u00f5es repassadas a nossa reportagem, um jovem conhecido por L\u00e9o que trabalha para Skynet foi alvejado com v\u00e1rios tiros em sua pr\u00f3pria resid\u00eancia por volta da meia-noite, pr\u00f3ximo ao posto de gasolina da cidade.<\/p>\n\n\n\n<p>L\u00e9o foi socorrido as pressas pela ambul\u00e2ncia e foi escoltado pela uma guarni\u00e7\u00e3o da Pol\u00edcia Militar. As for\u00e7as policiais da cidade j\u00e1 est\u00e3o investigando o caso.<\/p>\n\n\n\n<p><strong>De Olho no Cariri<\/strong><\/p>\n","protected":false},"excerpt":{"rendered":"<p>Uma tentativa de homic\u00eddio foi registrada na cidade de Barra de S\u00e3o Miguel, Cariri da Para\u00edba, nesta madrugada. Segundo informa\u00e7\u00f5es repassadas a nossa reportagem, um&hellip; <\/p>\n","protected":false},"author":1,"featured_media":89112,"comment_status":"closed","ping_status":"closed","sticky":false,"template":"","format":"standard","meta":{"sfsi_plus_gutenberg_text_before_share":"","sfsi_plus_gutenberg_show_text_before_share":"","sfsi_plus_gutenberg_icon_type":"","sfsi_plus_gutenberg_icon_alignemt":"","sfsi_plus_gutenburg_max_per_row":"","footnotes":""},"categories":[50,12],"tags":[],"class_list":["post-103606","post","type-post","status-publish","format-standard","has-post-thumbnail","hentry","category-destaque","category-policia"],"_links":{"self":[{"href":"https:\/\/www.caririemacao.com\/1\/wp-json\/wp\/v2\/posts\/103606","targetHints":{"allow":["GET"]}}],"collection":[{"href":"https:\/\/www.caririemacao.com\/1\/wp-json\/wp\/v2\/posts"}],"about":[{"href":"https:\/\/www.caririemacao.com\/1\/wp-json\/wp\/v2\/types\/post"}],"author":[{"embeddable":true,"href":"https:\/\/www.caririemacao.com\/1\/wp-json\/wp\/v2\/users\/1"}],"replies":[{"embeddable":true,"href":"https:\/\/www.caririemacao.com\/1\/wp-json\/wp\/v2\/comments?post=103606"}],"version-history":[{"count":1,"href":"https:\/\/www.caririemacao.com\/1\/wp-json\/wp\/v2\/posts\/103606\/revisions"}],"predecessor-version":[{"id":103607,"href":"https:\/\/www.caririemacao.com\/1\/wp-json\/wp\/v2\/posts\/103606\/revisions\/103607"}],"wp:featuredmedia":[{"embeddable":true,"href":"https:\/\/www.caririemacao.com\/1\/wp-json\/wp\/v2\/media\/89112"}],"wp:attachment":[{"href":"https:\/\/www.caririemacao.com\/1\/wp-json\/wp\/v2\/media?parent=103606"}],"wp:term":[{"taxonomy":"category","embeddable":true,"href":"https:\/\/www.caririemacao.com\/1\/wp-json\/wp\/v2\/categories?post=103606"},{"taxonomy":"post_tag","embeddable":true,"href":"https:\/\/www.caririemacao.com\/1\/wp-json\/wp\/v2\/tags?post=103606"}],"curies":[{"name":"wp","href":"https:\/\/api.w.org\/{rel}","templated":true}]}}