{"id":103611,"date":"2019-07-06T11:57:47","date_gmt":"2019-07-06T14:57:47","guid":{"rendered":"http:\/\/www.caririemacao.com\/1\/?p=103611"},"modified":"2019-07-06T11:57:47","modified_gmt":"2019-07-06T14:57:47","slug":"rede-municipal-de-ensino-retorna-as-aulas-nesta-segunda-feira-em-monteiro","status":"publish","type":"post","link":"https:\/\/www.caririemacao.com\/1\/2019\/07\/06\/rede-municipal-de-ensino-retorna-as-aulas-nesta-segunda-feira-em-monteiro\/","title":{"rendered":"Rede Municipal de Ensino retorna \u00e0s aulas nesta segunda-feira em Monteiro"},"content":{"rendered":"\n<p>Na pr\u00f3xima segunda-feira, 08, cerca de 6 mil alunos e professores das 18 institui\u00e7\u00f5es de ensino municipais, entre escolas e creches, voltam \u00e0s atividades escolares ap\u00f3s as tradicionais f\u00e9rias de Junho.<br>Todas as escolas municipais ir\u00e3o receber seus alunos em ambientes especialmente bem cuidados para que as aulas transcorram na mais perfeita ordem e harmonia, e a expectativa entre a garotada \u00e9 grande pelo reencontro com professores e principalmente com os amiguinhos da escola.<br>Ultimamente a gest\u00e3o municipal tem investido com \u00eanfase na educa\u00e7\u00e3o municipal, com a execu\u00e7\u00e3o de capacita\u00e7\u00f5es constantes e a busca de mecanismos e parcerias que buscam aperfei\u00e7oar e aumentar a qualidade de ensino e o rendimento escolar dos alunos em todas as modalidades educacionais oferecidas.<br><strong>F\u00c1BIO BRITO<\/strong><\/p>\n","protected":false},"excerpt":{"rendered":"<p>Na pr\u00f3xima segunda-feira, 08, cerca de 6 mil alunos e professores das 18 institui\u00e7\u00f5es de ensino municipais, entre escolas e creches, voltam \u00e0s atividades escolares&hellip; <\/p>\n","protected":false},"author":1,"featured_media":103612,"comment_status":"closed","ping_status":"closed","sticky":false,"template":"","format":"standard","meta":{"sfsi_plus_gutenberg_text_before_share":"","sfsi_plus_gutenberg_show_text_before_share":"","sfsi_plus_gutenberg_icon_type":"","sfsi_plus_gutenberg_icon_alignemt":"","sfsi_plus_gutenburg_max_per_row":"","footnotes":""},"categories":[14],"tags":[],"class_list":["post-103611","post","type-post","status-publish","format-standard","has-post-thumbnail","hentry","category-educacao"],"_links":{"self":[{"href":"https:\/\/www.caririemacao.com\/1\/wp-json\/wp\/v2\/posts\/103611","targetHints":{"allow":["GET"]}}],"collection":[{"href":"https:\/\/www.caririemacao.com\/1\/wp-json\/wp\/v2\/posts"}],"about":[{"href":"https:\/\/www.caririemacao.com\/1\/wp-json\/wp\/v2\/types\/post"}],"author":[{"embeddable":true,"href":"https:\/\/www.caririemacao.com\/1\/wp-json\/wp\/v2\/users\/1"}],"replies":[{"embeddable":true,"href":"https:\/\/www.caririemacao.com\/1\/wp-json\/wp\/v2\/comments?post=103611"}],"version-history":[{"count":1,"href":"https:\/\/www.caririemacao.com\/1\/wp-json\/wp\/v2\/posts\/103611\/revisions"}],"predecessor-version":[{"id":103613,"href":"https:\/\/www.caririemacao.com\/1\/wp-json\/wp\/v2\/posts\/103611\/revisions\/103613"}],"wp:featuredmedia":[{"embeddable":true,"href":"https:\/\/www.caririemacao.com\/1\/wp-json\/wp\/v2\/media\/103612"}],"wp:attachment":[{"href":"https:\/\/www.caririemacao.com\/1\/wp-json\/wp\/v2\/media?parent=103611"}],"wp:term":[{"taxonomy":"category","embeddable":true,"href":"https:\/\/www.caririemacao.com\/1\/wp-json\/wp\/v2\/categories?post=103611"},{"taxonomy":"post_tag","embeddable":true,"href":"https:\/\/www.caririemacao.com\/1\/wp-json\/wp\/v2\/tags?post=103611"}],"curies":[{"name":"wp","href":"https:\/\/api.w.org\/{rel}","templated":true}]}}