{"id":103621,"date":"2019-07-06T13:35:53","date_gmt":"2019-07-06T16:35:53","guid":{"rendered":"http:\/\/www.caririemacao.com\/1\/?p=103621"},"modified":"2019-07-06T13:35:53","modified_gmt":"2019-07-06T16:35:53","slug":"frio-pode-ter-provocado-tres-mortes-em-sao-paulo","status":"publish","type":"post","link":"https:\/\/www.caririemacao.com\/1\/2019\/07\/06\/frio-pode-ter-provocado-tres-mortes-em-sao-paulo\/","title":{"rendered":"Frio pode ter provocado tr\u00eas mortes em S\u00e3o Paulo"},"content":{"rendered":"\n<p>Ao menos tr\u00eas pessoas em situa\u00e7\u00e3o de rua foram encontradas mortas ontem (5) e hoje (6), durante a forte onda de frio que atinge a capital paulista. Na madrugada deste s\u00e1bado, a temperatura alcan\u00e7ou 7,4\u00b0 graus Celsius (\u00baC). Em junho de 2016 a cidade chegou a registrar 3,5\u00b0C. A temperatura mais baixa deste ano havia sido registrada em 9 de junho, com os term\u00f4metros do Mirante de Santana, na zona norte, marcando 11,1\u00b0.<\/p>\n\n\n\n<h2 class=\"wp-block-heading\">Mortes<\/h2>\n\n\n\n<p>Na manha dessa sexta-feira, Gabriel Laffot, de 22 anos, foi encontrado embaixo de uma das escadas do Terminal de \u00d4nibus da Barra Funda, zona oeste da cidade. Segundo a Secretaria da Seguran\u00e7a P\u00fablica, o caso foi registrado como morte s\u00fabita sem causa aparente. Foram requisitados exames para determinar a causa da morte.<\/p>\n\n\n\n<p>No Pari, na regi\u00e3o central, ainda na sexta-feira, um homem n\u00e3o identificado tamb\u00e9m foi encontrado morto sem sinais de viol\u00eancia. Ele n\u00e3o tinha documentos.<\/p>\n\n\n\n<p>Hoje de manh\u00e3, mais um homem foi achado sem vida pela Pol\u00edcia Militar em Itaquera, zona leste paulistana. Segundo a corpora\u00e7\u00e3o, n\u00e3o h\u00e1 ind\u00edcios de que ele tenha sido v\u00edtima de crime.<\/p>\n\n\n\n<h2 class=\"wp-block-heading\">Previs\u00e3o<\/h2>\n\n\n\n<p>A previs\u00e3o do Instituto Nacional de Meteorologia \u00e9 que as temperaturas continuem baixas ao longo do dia. A m\u00ednima na cidade de S\u00e3o Paulo deve chegar aos 5\u00b0C na m\u00e9dia, com possibilidade de ficar entre 2\u00b0C e 0\u00b0C nas partes mais frias ao sul. Em Parelheiros, pode haver geada isolada.<\/p>\n\n\n\n<p>O frio intenso tamb\u00e9m atingiu outros munic\u00edpios do estado, como Barra do Turvo, no Vale do Ribeira, que registrou -0,9\u00b0C na madrugada. Em S\u00e3o Miguel Arcanjo, no interior, os term\u00f4metros marcaram 0,5\u00b0C e em Mar\u00edlia, 2,6\u00b0C.<\/p>\n","protected":false},"excerpt":{"rendered":"<p>Ao menos tr\u00eas pessoas em situa\u00e7\u00e3o de rua foram encontradas mortas ontem (5) e hoje (6), durante a forte onda de frio que atinge a&hellip; <\/p>\n","protected":false},"author":1,"featured_media":103622,"comment_status":"closed","ping_status":"closed","sticky":false,"template":"","format":"standard","meta":{"sfsi_plus_gutenberg_text_before_share":"","sfsi_plus_gutenberg_show_text_before_share":"","sfsi_plus_gutenberg_icon_type":"","sfsi_plus_gutenberg_icon_alignemt":"","sfsi_plus_gutenburg_max_per_row":"","footnotes":""},"categories":[2],"tags":[],"class_list":["post-103621","post","type-post","status-publish","format-standard","has-post-thumbnail","hentry","category-geral"],"_links":{"self":[{"href":"https:\/\/www.caririemacao.com\/1\/wp-json\/wp\/v2\/posts\/103621","targetHints":{"allow":["GET"]}}],"collection":[{"href":"https:\/\/www.caririemacao.com\/1\/wp-json\/wp\/v2\/posts"}],"about":[{"href":"https:\/\/www.caririemacao.com\/1\/wp-json\/wp\/v2\/types\/post"}],"author":[{"embeddable":true,"href":"https:\/\/www.caririemacao.com\/1\/wp-json\/wp\/v2\/users\/1"}],"replies":[{"embeddable":true,"href":"https:\/\/www.caririemacao.com\/1\/wp-json\/wp\/v2\/comments?post=103621"}],"version-history":[{"count":1,"href":"https:\/\/www.caririemacao.com\/1\/wp-json\/wp\/v2\/posts\/103621\/revisions"}],"predecessor-version":[{"id":103623,"href":"https:\/\/www.caririemacao.com\/1\/wp-json\/wp\/v2\/posts\/103621\/revisions\/103623"}],"wp:featuredmedia":[{"embeddable":true,"href":"https:\/\/www.caririemacao.com\/1\/wp-json\/wp\/v2\/media\/103622"}],"wp:attachment":[{"href":"https:\/\/www.caririemacao.com\/1\/wp-json\/wp\/v2\/media?parent=103621"}],"wp:term":[{"taxonomy":"category","embeddable":true,"href":"https:\/\/www.caririemacao.com\/1\/wp-json\/wp\/v2\/categories?post=103621"},{"taxonomy":"post_tag","embeddable":true,"href":"https:\/\/www.caririemacao.com\/1\/wp-json\/wp\/v2\/tags?post=103621"}],"curies":[{"name":"wp","href":"https:\/\/api.w.org\/{rel}","templated":true}]}}