{"id":103631,"date":"2019-07-06T13:48:18","date_gmt":"2019-07-06T16:48:18","guid":{"rendered":"http:\/\/www.caririemacao.com\/1\/?p=103631"},"modified":"2019-07-06T13:48:18","modified_gmt":"2019-07-06T16:48:18","slug":"botafogo-pb-recebe-sampaio-correa-pelo-campeonato-brasileiro","status":"publish","type":"post","link":"https:\/\/www.caririemacao.com\/1\/2019\/07\/06\/botafogo-pb-recebe-sampaio-correa-pelo-campeonato-brasileiro\/","title":{"rendered":"Botafogo-PB recebe Sampaio Corr\u00eaa pelo Campeonato Brasileiro"},"content":{"rendered":"\n<p>De olho no G-4 do Grupo A do Campeonato Brasileiro da S\u00e9rie C, Botafogo-PB e Sampaio Corr\u00eaa se enfrentam na noite deste s\u00e1bado (6), no Est\u00e1dio Almeid\u00e3o, em Jo\u00e3o Pessoa, pela 11\u00aa rodada. A partida est\u00e1 marcada para as 20h, com os donos da casa, em segundo lugar, querendo a manuten\u00e7\u00e3o entre os quatro primeiros, enquanto os visitantes, em sexto, querem voltar para o pelot\u00e3o de cima e, assim, brigar mais tranquilo por um lugar no mata-mata do acesso.<\/p>\n\n\n\n<p>O Botafogo-PB \u00e9 o vice-l\u00edder da chave, tem 16 pontos, mas vem de derrota fora de casa para o N\u00e1utico em jogo atrasado da oitava rodada, que aconteceu na \u00faltima quarta-feira. Com isso, os comandados de Evaristo Piza n\u00e3o tiveram um grande tempo para descanso para este confronto de s\u00e1bado diante do Sampaio Corr\u00eaa.<\/p>\n\n\n\n<p>Invicto dentro de casa, o Belo aposta justamente na for\u00e7a do Est\u00e1dio Almeid\u00e3o, junto ao seu torcedor, para emplacar mais um triunfo na competi\u00e7\u00e3o nacional, que seria o quinto at\u00e9 aqui. Al\u00e9m disso, o Alvinegro da Estrela Vermelha acumula quatro empates e duas derrotas.<\/p>\n\n\n\n<p>Do outro lado est\u00e1 a Bol\u00edvia Querida, sexto colocado do Grupo A, que tem 15 pontos, um a menos que os principais advers\u00e1rios do G-4, incluindo o Botafogo-PB, o advers\u00e1rio deste s\u00e1bado. Com 50% de aproveitamento, o objetivo agora \u00e9 atrapalhar os planos do Belo e, de quebra, conseguir uma vaga entre os quatro primeiros.<\/p>\n\n\n\n<p>No primeiro turno, Sampaio Corr\u00eaa e Botafogo-PB se enfrentaram em S\u00e3o Lu\u00eds. No Est\u00e1dio Castel\u00e3o, o empate em 2 a 2 resultou em um ponto para cada lado.<\/p>\n\n\n\n<p><strong>Botafogo-PB&nbsp;<\/strong><\/p>\n\n\n\n<p>Com tr\u00eas jogos em apenas uma semana, o t\u00e9cnico Evaristo Piza j\u00e1 deixou claro que pode promover mudan\u00e7as na equipe titular para o jogo deste s\u00e1bado. Por\u00e9m, o pr\u00f3prio comandante avisou que as altera\u00e7\u00f5es v\u00e3o acontecer de maneira que n\u00e3o prejudiquem o esquema de jogo da equipe. Para o confronto, apenas o lateral-esquerdo F\u00e1bio Alves, lesionado, \u00e9 carta fora do baralho.<\/p>\n\n\n\n<p><strong>Sampaio Corr\u00eaa<\/strong><\/p>\n\n\n\n<p>No Sampaio, o meia Eloir \u00e9 o \u00fanico desfalque, j\u00e1 que vai ter que cumprir suspens\u00e3o. De resto, Jo\u00e3o Brigatti tamb\u00e9m pretende modificar o onze inicial, mas, mesmo garantindo que n\u00e3o esconde a escala\u00e7\u00e3o, disse que s\u00f3 vai revel\u00e1-la horas antes do jogo<\/p>\n","protected":false},"excerpt":{"rendered":"<p>De olho no G-4 do Grupo A do Campeonato Brasileiro da S\u00e9rie C, Botafogo-PB e Sampaio Corr\u00eaa se enfrentam na noite deste s\u00e1bado (6), no&hellip; <\/p>\n","protected":false},"author":1,"featured_media":103632,"comment_status":"closed","ping_status":"closed","sticky":false,"template":"","format":"standard","meta":{"sfsi_plus_gutenberg_text_before_share":"","sfsi_plus_gutenberg_show_text_before_share":"","sfsi_plus_gutenberg_icon_type":"","sfsi_plus_gutenberg_icon_alignemt":"","sfsi_plus_gutenburg_max_per_row":"","footnotes":""},"categories":[13],"tags":[],"class_list":["post-103631","post","type-post","status-publish","format-standard","has-post-thumbnail","hentry","category-esportes"],"_links":{"self":[{"href":"https:\/\/www.caririemacao.com\/1\/wp-json\/wp\/v2\/posts\/103631","targetHints":{"allow":["GET"]}}],"collection":[{"href":"https:\/\/www.caririemacao.com\/1\/wp-json\/wp\/v2\/posts"}],"about":[{"href":"https:\/\/www.caririemacao.com\/1\/wp-json\/wp\/v2\/types\/post"}],"author":[{"embeddable":true,"href":"https:\/\/www.caririemacao.com\/1\/wp-json\/wp\/v2\/users\/1"}],"replies":[{"embeddable":true,"href":"https:\/\/www.caririemacao.com\/1\/wp-json\/wp\/v2\/comments?post=103631"}],"version-history":[{"count":1,"href":"https:\/\/www.caririemacao.com\/1\/wp-json\/wp\/v2\/posts\/103631\/revisions"}],"predecessor-version":[{"id":103633,"href":"https:\/\/www.caririemacao.com\/1\/wp-json\/wp\/v2\/posts\/103631\/revisions\/103633"}],"wp:featuredmedia":[{"embeddable":true,"href":"https:\/\/www.caririemacao.com\/1\/wp-json\/wp\/v2\/media\/103632"}],"wp:attachment":[{"href":"https:\/\/www.caririemacao.com\/1\/wp-json\/wp\/v2\/media?parent=103631"}],"wp:term":[{"taxonomy":"category","embeddable":true,"href":"https:\/\/www.caririemacao.com\/1\/wp-json\/wp\/v2\/categories?post=103631"},{"taxonomy":"post_tag","embeddable":true,"href":"https:\/\/www.caririemacao.com\/1\/wp-json\/wp\/v2\/tags?post=103631"}],"curies":[{"name":"wp","href":"https:\/\/api.w.org\/{rel}","templated":true}]}}