{"id":103640,"date":"2019-07-06T15:40:45","date_gmt":"2019-07-06T18:40:45","guid":{"rendered":"http:\/\/www.caririemacao.com\/1\/?p=103640"},"modified":"2019-07-06T15:40:45","modified_gmt":"2019-07-06T18:40:45","slug":"pf-troca-delegado-de-inquerito-que-apura-invasao-em-celular-de-sergio-moro","status":"publish","type":"post","link":"https:\/\/www.caririemacao.com\/1\/2019\/07\/06\/pf-troca-delegado-de-inquerito-que-apura-invasao-em-celular-de-sergio-moro\/","title":{"rendered":"PF troca delegado de inqu\u00e9rito que apura invas\u00e3o em celular de S\u00e9rgio Moro"},"content":{"rendered":"\n<p>A Pol\u00edcia Federal (PF) mudou o comando da investiga\u00e7\u00e3o que apura invas\u00e3o no celular do ministro da Justi\u00e7a e Seguran\u00e7a P\u00fablica, S\u00e9rgio Moro. Os nomes dos delegados n\u00e3o foram confirmados pela PF.<\/p>\n\n\n\n<p>A PF j\u00e1 instaurou quatro inqu\u00e9ritos para investigar o vazamento de mensagens do celular do ministro Moro e tamb\u00e9m de procuradores da for\u00e7a-tarefa da Lava Jato.<\/p>\n\n\n\n<p>De acordo com a investiga\u00e7\u00f5es, hackers clonaram o n\u00famero de Moro, abriram ou reativaram a conta do ministro no Telegram e se passaram por ele. Moro desativou a linha invadida.<\/p>\n\n\n\n<p>A troca dos delegados n\u00e3o teria sido motivada por desempenho, segundo fontes ouvidas pela reportagem. O delegado que estava \u00e0 frente da investiga\u00e7\u00e3o j\u00e1 cuidava de outro inqu\u00e9rito \u2013 que apura o vazamento de pelo menos 5 opera\u00e7\u00f5es policiais a criminosos \u2013 e era preciso ter algu\u00e9m com foco maior no inqu\u00e9rito sobre hackers.<\/p>\n\n\n\n<p><strong>Investiga\u00e7\u00e3o<\/strong><br>O celular do ministro j\u00e1 foi periciado mas, segundo investigadores, n\u00e3o \u00e9 f\u00e1cil identificar o autor da invas\u00e3o porque crimes cibern\u00e9ticos s\u00e3o extensos e complexos.<\/p>\n\n\n\n<p>Os investigadores est\u00e3o colhendo ind\u00edcios sobre a autoria e m\u00e9todo do acesso de hackers a conversas privadas do ministro.<\/p>\n","protected":false},"excerpt":{"rendered":"<p>A Pol\u00edcia Federal (PF) mudou o comando da investiga\u00e7\u00e3o que apura invas\u00e3o no celular do ministro da Justi\u00e7a e Seguran\u00e7a P\u00fablica, S\u00e9rgio Moro. Os nomes&hellip; <\/p>\n","protected":false},"author":1,"featured_media":101805,"comment_status":"closed","ping_status":"closed","sticky":false,"template":"","format":"standard","meta":{"sfsi_plus_gutenberg_text_before_share":"","sfsi_plus_gutenberg_show_text_before_share":"","sfsi_plus_gutenberg_icon_type":"","sfsi_plus_gutenberg_icon_alignemt":"","sfsi_plus_gutenburg_max_per_row":"","footnotes":""},"categories":[11],"tags":[],"class_list":["post-103640","post","type-post","status-publish","format-standard","has-post-thumbnail","hentry","category-politica"],"_links":{"self":[{"href":"https:\/\/www.caririemacao.com\/1\/wp-json\/wp\/v2\/posts\/103640","targetHints":{"allow":["GET"]}}],"collection":[{"href":"https:\/\/www.caririemacao.com\/1\/wp-json\/wp\/v2\/posts"}],"about":[{"href":"https:\/\/www.caririemacao.com\/1\/wp-json\/wp\/v2\/types\/post"}],"author":[{"embeddable":true,"href":"https:\/\/www.caririemacao.com\/1\/wp-json\/wp\/v2\/users\/1"}],"replies":[{"embeddable":true,"href":"https:\/\/www.caririemacao.com\/1\/wp-json\/wp\/v2\/comments?post=103640"}],"version-history":[{"count":1,"href":"https:\/\/www.caririemacao.com\/1\/wp-json\/wp\/v2\/posts\/103640\/revisions"}],"predecessor-version":[{"id":103641,"href":"https:\/\/www.caririemacao.com\/1\/wp-json\/wp\/v2\/posts\/103640\/revisions\/103641"}],"wp:featuredmedia":[{"embeddable":true,"href":"https:\/\/www.caririemacao.com\/1\/wp-json\/wp\/v2\/media\/101805"}],"wp:attachment":[{"href":"https:\/\/www.caririemacao.com\/1\/wp-json\/wp\/v2\/media?parent=103640"}],"wp:term":[{"taxonomy":"category","embeddable":true,"href":"https:\/\/www.caririemacao.com\/1\/wp-json\/wp\/v2\/categories?post=103640"},{"taxonomy":"post_tag","embeddable":true,"href":"https:\/\/www.caririemacao.com\/1\/wp-json\/wp\/v2\/tags?post=103640"}],"curies":[{"name":"wp","href":"https:\/\/api.w.org\/{rel}","templated":true}]}}