{"id":103645,"date":"2019-07-06T15:45:56","date_gmt":"2019-07-06T18:45:56","guid":{"rendered":"http:\/\/www.caririemacao.com\/1\/?p=103645"},"modified":"2019-07-06T15:45:56","modified_gmt":"2019-07-06T18:45:56","slug":"trump-diz-que-operacoes-contra-imigrantes-ocorrerao-muito-em-breve","status":"publish","type":"post","link":"https:\/\/www.caririemacao.com\/1\/2019\/07\/06\/trump-diz-que-operacoes-contra-imigrantes-ocorrerao-muito-em-breve\/","title":{"rendered":"Trump diz que opera\u00e7\u00f5es contra imigrantes ocorrer\u00e3o &#8220;muito em breve&#8221;"},"content":{"rendered":"\n<p>O presidente dos Estados Unidos (EUA), Donald Trump, disse nessa sexta-feira (5) que rodadas de deporta\u00e7\u00e3o em massa devem come\u00e7ar \u201cmuito em breve\u201d. Ativistas norte-americanos em defesa dos imigrantes prometeram que suas comunidades estar\u00e3o \u201cprontas\u201d quando os agentes de imigra\u00e7\u00e3o aparecerem.<\/p>\n\n\n\n<p>Trump, que fez de sua posi\u00e7\u00e3o dura em rela\u00e7\u00e3o \u00e0 imigra\u00e7\u00e3o um ponto central de governo e de sua campanha \u00e0 reelei\u00e7\u00e3o em 2020, adiou a opera\u00e7\u00e3o no m\u00eas passado ap\u00f3s a data de realiza\u00e7\u00e3o ter sido vazada. Na \u00faltima segunda-feira (1\u00ba), no entanto, ele disse que as dilig\u00eancias ocorreriam ap\u00f3s o feriado de 4 de julho.<\/p>\n\n\n\n<p>\u201cElas v\u00e3o come\u00e7ar muito em breve, mas eu n\u00e3o as chamo batidas, estamos removendo pessoas, todas essas pessoas que vieram ilegalmente ao longo dos anos\u201d, disse a jornalistas na Casa Branca.<\/p>\n\n\n\n<p>A ag\u00eancia de imigra\u00e7\u00e3o dos EUA informou, no m\u00eas passado, que as opera\u00e7\u00f5es teriam como alvo imigrantes sem documentos rec\u00e9m-chegados, numa tentativa de desencorajar o aumento no n\u00famero de fam\u00edlias da Am\u00e9rica Central que se acumulam na fronteira sudoeste do pa\u00eds.<\/p>\n\n\n\n<p>Em comunidado, o \u00f3rg\u00e3o disse que seu foco \u00e9 prender pessoas com hist\u00f3rico criminal, mas que qualquer imigrante que esteja em desacordo com as leis dos EUA pode ser preso.<\/p>\n","protected":false},"excerpt":{"rendered":"<p>O presidente dos Estados Unidos (EUA), Donald Trump, disse nessa sexta-feira (5) que rodadas de deporta\u00e7\u00e3o em massa devem come\u00e7ar \u201cmuito em breve\u201d. Ativistas norte-americanos&hellip; <\/p>\n","protected":false},"author":1,"featured_media":103646,"comment_status":"closed","ping_status":"closed","sticky":false,"template":"","format":"standard","meta":{"sfsi_plus_gutenberg_text_before_share":"","sfsi_plus_gutenberg_show_text_before_share":"","sfsi_plus_gutenberg_icon_type":"","sfsi_plus_gutenberg_icon_alignemt":"","sfsi_plus_gutenburg_max_per_row":"","footnotes":""},"categories":[2],"tags":[],"class_list":["post-103645","post","type-post","status-publish","format-standard","has-post-thumbnail","hentry","category-geral"],"_links":{"self":[{"href":"https:\/\/www.caririemacao.com\/1\/wp-json\/wp\/v2\/posts\/103645","targetHints":{"allow":["GET"]}}],"collection":[{"href":"https:\/\/www.caririemacao.com\/1\/wp-json\/wp\/v2\/posts"}],"about":[{"href":"https:\/\/www.caririemacao.com\/1\/wp-json\/wp\/v2\/types\/post"}],"author":[{"embeddable":true,"href":"https:\/\/www.caririemacao.com\/1\/wp-json\/wp\/v2\/users\/1"}],"replies":[{"embeddable":true,"href":"https:\/\/www.caririemacao.com\/1\/wp-json\/wp\/v2\/comments?post=103645"}],"version-history":[{"count":1,"href":"https:\/\/www.caririemacao.com\/1\/wp-json\/wp\/v2\/posts\/103645\/revisions"}],"predecessor-version":[{"id":103647,"href":"https:\/\/www.caririemacao.com\/1\/wp-json\/wp\/v2\/posts\/103645\/revisions\/103647"}],"wp:featuredmedia":[{"embeddable":true,"href":"https:\/\/www.caririemacao.com\/1\/wp-json\/wp\/v2\/media\/103646"}],"wp:attachment":[{"href":"https:\/\/www.caririemacao.com\/1\/wp-json\/wp\/v2\/media?parent=103645"}],"wp:term":[{"taxonomy":"category","embeddable":true,"href":"https:\/\/www.caririemacao.com\/1\/wp-json\/wp\/v2\/categories?post=103645"},{"taxonomy":"post_tag","embeddable":true,"href":"https:\/\/www.caririemacao.com\/1\/wp-json\/wp\/v2\/tags?post=103645"}],"curies":[{"name":"wp","href":"https:\/\/api.w.org\/{rel}","templated":true}]}}