{"id":103661,"date":"2019-07-06T20:12:36","date_gmt":"2019-07-06T23:12:36","guid":{"rendered":"http:\/\/www.caririemacao.com\/1\/?p=103661"},"modified":"2019-07-06T20:12:36","modified_gmt":"2019-07-06T23:12:36","slug":"hoje-pedrinho-pegacao-forro-gente-boa-e-gil-camargo-cantam-em-caraubas","status":"publish","type":"post","link":"https:\/\/www.caririemacao.com\/1\/2019\/07\/06\/hoje-pedrinho-pegacao-forro-gente-boa-e-gil-camargo-cantam-em-caraubas\/","title":{"rendered":"HOJE: Pedrinho Pega\u00e7\u00e3o, Forr\u00f3 Gente Boa e Gil Camargo cantam em Cara\u00fabas"},"content":{"rendered":"\n<p>Dando continuidade ao tradicional Festa de S\u00e3o Pedro, a cidade\nde Cara\u00fabas receber\u00e1 milhares de pessoas para curtir os shows desse s\u00e1bado, dia\n06, 3\u00ba dia de programa\u00e7\u00e3o.<\/p>\n\n\n\n<p>Para animar a noite, estar\u00e3o no palco Pedrinho Pega\u00e7\u00e3o,\nForr\u00f3 Gente Boa e Gil Camargo. <\/p>\n\n\n\n<p>A programa\u00e7\u00e3o que \u00e9 promovida pela Prefeitura de Cara\u00fabas ter\u00e1\nin\u00edcio \u00e0s 22h.<\/p>\n","protected":false},"excerpt":{"rendered":"<p>Dando continuidade ao tradicional Festa de S\u00e3o Pedro, a cidade de Cara\u00fabas receber\u00e1 milhares de pessoas para curtir os shows desse s\u00e1bado, dia 06, 3\u00ba&hellip; <\/p>\n","protected":false},"author":2,"featured_media":103663,"comment_status":"closed","ping_status":"closed","sticky":false,"template":"","format":"standard","meta":{"sfsi_plus_gutenberg_text_before_share":"","sfsi_plus_gutenberg_show_text_before_share":"","sfsi_plus_gutenberg_icon_type":"","sfsi_plus_gutenberg_icon_alignemt":"","sfsi_plus_gutenburg_max_per_row":"","footnotes":""},"categories":[6,50],"tags":[],"class_list":["post-103661","post","type-post","status-publish","format-standard","has-post-thumbnail","hentry","category-cidades","category-destaque"],"_links":{"self":[{"href":"https:\/\/www.caririemacao.com\/1\/wp-json\/wp\/v2\/posts\/103661","targetHints":{"allow":["GET"]}}],"collection":[{"href":"https:\/\/www.caririemacao.com\/1\/wp-json\/wp\/v2\/posts"}],"about":[{"href":"https:\/\/www.caririemacao.com\/1\/wp-json\/wp\/v2\/types\/post"}],"author":[{"embeddable":true,"href":"https:\/\/www.caririemacao.com\/1\/wp-json\/wp\/v2\/users\/2"}],"replies":[{"embeddable":true,"href":"https:\/\/www.caririemacao.com\/1\/wp-json\/wp\/v2\/comments?post=103661"}],"version-history":[{"count":1,"href":"https:\/\/www.caririemacao.com\/1\/wp-json\/wp\/v2\/posts\/103661\/revisions"}],"predecessor-version":[{"id":103664,"href":"https:\/\/www.caririemacao.com\/1\/wp-json\/wp\/v2\/posts\/103661\/revisions\/103664"}],"wp:featuredmedia":[{"embeddable":true,"href":"https:\/\/www.caririemacao.com\/1\/wp-json\/wp\/v2\/media\/103663"}],"wp:attachment":[{"href":"https:\/\/www.caririemacao.com\/1\/wp-json\/wp\/v2\/media?parent=103661"}],"wp:term":[{"taxonomy":"category","embeddable":true,"href":"https:\/\/www.caririemacao.com\/1\/wp-json\/wp\/v2\/categories?post=103661"},{"taxonomy":"post_tag","embeddable":true,"href":"https:\/\/www.caririemacao.com\/1\/wp-json\/wp\/v2\/tags?post=103661"}],"curies":[{"name":"wp","href":"https:\/\/api.w.org\/{rel}","templated":true}]}}