{"id":103723,"date":"2019-07-08T07:10:12","date_gmt":"2019-07-08T10:10:12","guid":{"rendered":"http:\/\/www.caririemacao.com\/1\/?p=103723"},"modified":"2019-07-08T07:10:12","modified_gmt":"2019-07-08T10:10:12","slug":"caminhao-atropela-e-mata-motociclista-na-br-412","status":"publish","type":"post","link":"https:\/\/www.caririemacao.com\/1\/2019\/07\/08\/caminhao-atropela-e-mata-motociclista-na-br-412\/","title":{"rendered":"Caminh\u00e3o atropela e mata motociclista na BR 412"},"content":{"rendered":"\n<p>Um acidente ocorrido nesta madrugada deixou uma v\u00edtima fatal na regi\u00e3o do Cariri paraibano. Por volta de 3h da manh\u00e3 deste domingo(07), um grave acidente foi registrado na BR-412 no KM 27 na comunidade de S\u00e3o Jo\u00e3ozinho, pr\u00f3ximo ao munic\u00edpio de Boa Vista -PB.<br>Segundo informa\u00e7\u00f5es, um caminh\u00e3o desgovernado teria passado por cima de um homem que vinha em uma moto Bros de cor vermelha. A v\u00edtima j\u00e1 foi identificada por Vanderley Matias Silva, de 28 anos, natural da cidade de Cubati -PB.<br>Informa\u00e7\u00f5es d\u00e3o conta, que o motorista do caminh\u00e3o n\u00e3o teria prestado socorro ao motociclista no momento do acidente e teria sa\u00eddo em fuga. A PRF j\u00e1 est\u00e1 no local ao aguardo da IML para levar o corpo at\u00e9 a cidade de Campina Grande para a realiza\u00e7\u00e3o da per\u00edcia m\u00e9dica.<\/p>\n","protected":false},"excerpt":{"rendered":"<p>Um acidente ocorrido nesta madrugada deixou uma v\u00edtima fatal na regi\u00e3o do Cariri paraibano. Por volta de 3h da manh\u00e3 deste domingo(07), um grave acidente&hellip; <\/p>\n","protected":false},"author":1,"featured_media":61769,"comment_status":"closed","ping_status":"closed","sticky":false,"template":"","format":"standard","meta":{"sfsi_plus_gutenberg_text_before_share":"","sfsi_plus_gutenberg_show_text_before_share":"","sfsi_plus_gutenberg_icon_type":"","sfsi_plus_gutenberg_icon_alignemt":"","sfsi_plus_gutenburg_max_per_row":"","footnotes":""},"categories":[2],"tags":[],"class_list":["post-103723","post","type-post","status-publish","format-standard","has-post-thumbnail","hentry","category-geral"],"_links":{"self":[{"href":"https:\/\/www.caririemacao.com\/1\/wp-json\/wp\/v2\/posts\/103723","targetHints":{"allow":["GET"]}}],"collection":[{"href":"https:\/\/www.caririemacao.com\/1\/wp-json\/wp\/v2\/posts"}],"about":[{"href":"https:\/\/www.caririemacao.com\/1\/wp-json\/wp\/v2\/types\/post"}],"author":[{"embeddable":true,"href":"https:\/\/www.caririemacao.com\/1\/wp-json\/wp\/v2\/users\/1"}],"replies":[{"embeddable":true,"href":"https:\/\/www.caririemacao.com\/1\/wp-json\/wp\/v2\/comments?post=103723"}],"version-history":[{"count":1,"href":"https:\/\/www.caririemacao.com\/1\/wp-json\/wp\/v2\/posts\/103723\/revisions"}],"predecessor-version":[{"id":103724,"href":"https:\/\/www.caririemacao.com\/1\/wp-json\/wp\/v2\/posts\/103723\/revisions\/103724"}],"wp:featuredmedia":[{"embeddable":true,"href":"https:\/\/www.caririemacao.com\/1\/wp-json\/wp\/v2\/media\/61769"}],"wp:attachment":[{"href":"https:\/\/www.caririemacao.com\/1\/wp-json\/wp\/v2\/media?parent=103723"}],"wp:term":[{"taxonomy":"category","embeddable":true,"href":"https:\/\/www.caririemacao.com\/1\/wp-json\/wp\/v2\/categories?post=103723"},{"taxonomy":"post_tag","embeddable":true,"href":"https:\/\/www.caririemacao.com\/1\/wp-json\/wp\/v2\/tags?post=103723"}],"curies":[{"name":"wp","href":"https:\/\/api.w.org\/{rel}","templated":true}]}}