{"id":103730,"date":"2019-07-08T07:21:07","date_gmt":"2019-07-08T10:21:07","guid":{"rendered":"http:\/\/www.caririemacao.com\/1\/?p=103730"},"modified":"2019-07-08T07:21:07","modified_gmt":"2019-07-08T10:21:07","slug":"direitos-humanos-pede-punicao-para-policiais-pela-morte-de-oito-suspeitos-durante-confronto-na-paraiba","status":"publish","type":"post","link":"https:\/\/www.caririemacao.com\/1\/2019\/07\/08\/direitos-humanos-pede-punicao-para-policiais-pela-morte-de-oito-suspeitos-durante-confronto-na-paraiba\/","title":{"rendered":"Direitos Humanos pede puni\u00e7\u00e3o para policiais pela morte de oito suspeitos durante confronto na Para\u00edba"},"content":{"rendered":"\n<p>O\u00a0Conselho Estadual de Direitos Humanos da Para\u00edba (CEDH<em>)<\/em>\u00a0emitiu nota de rep\u00fadio contra a atua\u00e7\u00e3o dos policiais paraibanos e pernambucanos ap\u00f3s o confronto que resultou na morte de oito pessoas, entre elas, integrantes de quadrilha de assaltantes. As mortes aconteceram na \u00faltima ter\u00e7a-feira (2), em Barra de S\u00e3o Miguel, interior paraibano. O vereador Nanaca (PP), de Bet\u00e2nia-PE, acabou morto quando teria ido resgatar o irm\u00e3o, integrante da quadrilha.<\/p>\n\n\n\n<p>O texto diz que \u201ca cena do confronto exigia preserva\u00e7\u00e3o, para fins do trabalho necess\u00e1rio da per\u00edcia criminal, e afastamento do p\u00fablico, a fim de evitar a sempre nociva divulga\u00e7\u00e3o e explora\u00e7\u00e3o de cenas m\u00f3rbidas de morte e mutila\u00e7\u00e3o.\u201d<\/p>\n\n\n\n<p>Ainda na nota, a presidente do Conselho, Guiany Campos Coutinho, cobra das Secretarias de Seguran\u00e7a do Estado da Para\u00edba e Pernambuco uma investiga\u00e7\u00e3o rigorosa aos fatos. \u201cPunindo devidamente os respons\u00e1veis, e mais do que isso, adotem todas as provid\u00eancias necess\u00e1rias para evitar a repeti\u00e7\u00e3o de espet\u00e1culos dessa ordem que enodoam todo e qualquer m\u00e9rito das a\u00e7\u00f5es policiais em defesa da seguran\u00e7a p\u00fablica.\u201d<\/p>\n\n\n\n<p>Abaixo a nota na \u00edntegra.<\/p>\n\n\n\n<p><em>NOTA P\u00daBLICA<\/em><\/p>\n\n\n\n<p><em>O CONSELHO ESTADUAL DE DIREITOS HUMANOS DA PARA\u00cdBA vem por meio dessa nota p\u00fablica externar seu rep\u00fadio e sua profunda preocupa\u00e7\u00e3o com a forma pela qual se portaram os agentes policiais do Estado da Para\u00edba e do Estado de Pernambuco, ap\u00f3s a cena do confronto que resultou em oito mortos na cidade de Barra de S\u00e3o Miguel-PB.<\/em><\/p>\n\n\n\n<p><em>Sem entrar no m\u00e9rito da a\u00e7\u00e3o policial em si, entende este \u00f3rg\u00e3o colegiado que o tratamento da cena do embate, transformado literalmente em um espet\u00e1culo macabro de manipula\u00e7\u00e3o e exibi\u00e7\u00e3o de cad\u00e1veres, em total desacordo com as regras de conduta da atividade policial, excedeu todas as raias da legalidade.<\/em><\/p>\n\n\n\n<p><em>Efetivamente, a cena do confronto exigia preserva\u00e7\u00e3o, para fins do trabalho necess\u00e1rio da per\u00edcia criminal, e afastamento do p\u00fablico, a fim de evitar a sempre nociva divulga\u00e7\u00e3o e explora\u00e7\u00e3o de cenas m\u00f3rbidas de morte e mutila\u00e7\u00e3o. Muito pelo contr\u00e1rio, testemunhou-se no local atos incompat\u00edveis com a atividade policial, e que se prestaram unicamente para denegrir e rebaixar as institui\u00e7\u00f5es policiais diante da sociedade civilizada que ainda preza pelo respeito \u00e0s leis e \u00e0 dignidade humana, que imp\u00f5em o respeito no tratamento dos mortos, por pior que possa ter sido o ato por eles cometido.<\/em><\/p>\n\n\n\n<p><em>De fato, cena de crime n\u00e3o \u00e9 lugar para discurso p\u00fablico sobre a criminalidade ou busca de apoio popular, diante dos cad\u00e1veres tombados. Tal ato resvala na demagogia. Cenas de gelar o sangue, tais como cad\u00e1veres sendo despidos (com que finalidade? humilha\u00e7\u00e3o post-mortem?), carreata com cad\u00e1veres jogados na ca\u00e7amba de caminhonete, corpos empilhados um sobre o outro como trof\u00e9us em uma guerra tribal, cad\u00e1veres sendo alvejados por disparos in\u00fateis foram amplamente divulgadas nas redes sociais dos Estados de Pernambuco e Para\u00edba, mediante filmagens de populares e at\u00e9 mesmo possivelmente de policiais, sendo certo que tais v\u00eddeos n\u00e3o poderiam ter sido produzidos sem o consentimento e a toler\u00e2ncia dos agentes policiais participantes da opera\u00e7\u00e3o, cujos comandantes, aparentemente, procuraram atrair o p\u00fablico daquela urbe interiorana para o espet\u00e1culo macabro, ao inv\u00e9s de afast\u00e1-lo, como seria seu dever.<\/em><\/p>\n\n\n\n<p><em>Tal cen\u00e1rio, nada distante do culto ao sangue do antigo Coliseu de Roma, concorre n\u00e3o para o fortalecimento, mas para o descr\u00e9dito da atividade policial, transformada, pelo tratamento absurdo da cena do crime, em um grotesco ato de vingan\u00e7a selvagem, a anos-luz de dist\u00e2ncia da ideia de uma a\u00e7\u00e3o policial racional, eficiente e planejada, como acreditamos ter sido o prop\u00f3sito da atua\u00e7\u00e3o das autoridades da seguran\u00e7a p\u00fablica pernambucanas e paraibanas.<\/em><\/p>\n\n\n\n<p><em>Assim sendo, o CEDH-PB insta \u00e0s Secretarias de Seguran\u00e7a do Estado da Para\u00edba e Pernambuco a investigarem rigorosamente estes fatos, punindo devidamente os respons\u00e1veis, e mais do que isso, adotem todas as provid\u00eancias necess\u00e1rias para evitar a repeti\u00e7\u00e3o de espet\u00e1culos dessa ordem que enodoam todo e qualquer m\u00e9rito das a\u00e7\u00f5es policiais em defesa da seguran\u00e7a p\u00fablica.<\/em><\/p>\n\n\n\n<p><em>Contudo, este Conselho lamenta e se solidariza com a corpora\u00e7\u00e3o policial pela morte de um de seus membros. Tamb\u00e9m, igualmente, lamenta e se solidariza com os familiares das pessoas que perderam suas vidas em t\u00e3o horrenda a\u00e7\u00e3o.<\/em><\/p>\n","protected":false},"excerpt":{"rendered":"<p>O\u00a0Conselho Estadual de Direitos Humanos da Para\u00edba (CEDH)\u00a0emitiu nota de rep\u00fadio contra a atua\u00e7\u00e3o dos policiais paraibanos e pernambucanos ap\u00f3s o confronto que resultou na&hellip; <\/p>\n","protected":false},"author":1,"featured_media":88058,"comment_status":"closed","ping_status":"closed","sticky":false,"template":"","format":"standard","meta":{"sfsi_plus_gutenberg_text_before_share":"","sfsi_plus_gutenberg_show_text_before_share":"","sfsi_plus_gutenberg_icon_type":"","sfsi_plus_gutenberg_icon_alignemt":"","sfsi_plus_gutenburg_max_per_row":"","footnotes":""},"categories":[12],"tags":[],"class_list":["post-103730","post","type-post","status-publish","format-standard","has-post-thumbnail","hentry","category-policia"],"_links":{"self":[{"href":"https:\/\/www.caririemacao.com\/1\/wp-json\/wp\/v2\/posts\/103730","targetHints":{"allow":["GET"]}}],"collection":[{"href":"https:\/\/www.caririemacao.com\/1\/wp-json\/wp\/v2\/posts"}],"about":[{"href":"https:\/\/www.caririemacao.com\/1\/wp-json\/wp\/v2\/types\/post"}],"author":[{"embeddable":true,"href":"https:\/\/www.caririemacao.com\/1\/wp-json\/wp\/v2\/users\/1"}],"replies":[{"embeddable":true,"href":"https:\/\/www.caririemacao.com\/1\/wp-json\/wp\/v2\/comments?post=103730"}],"version-history":[{"count":1,"href":"https:\/\/www.caririemacao.com\/1\/wp-json\/wp\/v2\/posts\/103730\/revisions"}],"predecessor-version":[{"id":103731,"href":"https:\/\/www.caririemacao.com\/1\/wp-json\/wp\/v2\/posts\/103730\/revisions\/103731"}],"wp:featuredmedia":[{"embeddable":true,"href":"https:\/\/www.caririemacao.com\/1\/wp-json\/wp\/v2\/media\/88058"}],"wp:attachment":[{"href":"https:\/\/www.caririemacao.com\/1\/wp-json\/wp\/v2\/media?parent=103730"}],"wp:term":[{"taxonomy":"category","embeddable":true,"href":"https:\/\/www.caririemacao.com\/1\/wp-json\/wp\/v2\/categories?post=103730"},{"taxonomy":"post_tag","embeddable":true,"href":"https:\/\/www.caririemacao.com\/1\/wp-json\/wp\/v2\/tags?post=103730"}],"curies":[{"name":"wp","href":"https:\/\/api.w.org\/{rel}","templated":true}]}}