{"id":103733,"date":"2019-07-08T07:23:54","date_gmt":"2019-07-08T10:23:54","guid":{"rendered":"http:\/\/www.caririemacao.com\/1\/?p=103733"},"modified":"2019-07-08T07:23:54","modified_gmt":"2019-07-08T10:23:54","slug":"vereadores-participam-da-primeira-plenaria-do-orcamento-democratico-em-sume","status":"publish","type":"post","link":"https:\/\/www.caririemacao.com\/1\/2019\/07\/08\/vereadores-participam-da-primeira-plenaria-do-orcamento-democratico-em-sume\/","title":{"rendered":"Vereadores participam da primeira plen\u00e1ria do Or\u00e7amento Democr\u00e1tico em Sum\u00e9"},"content":{"rendered":"\n<p>Foi realizada na noite desta sexta-feira, a primeira plen\u00e1ria do Or\u00e7amento Democr\u00e1tico Municipal, o primeiro encontro aconteceu na quadra de esportes do Gin\u00e1sio O Ded\u00e3o, voltada para os bairros da V\u00e1rzea Redonda, Frei Dami\u00e3o e Carro Quebrado.<\/p>\n\n\n\n<p>Na oportunidade participaram do ODM, os vereadores sumeenses Jos\u00e9 Ant\u00f4nio, Ant\u00f4nio Carlos, Br\u00edgida Xavier e Daniel L\u00eala, que estiveram representando o Legislativo Sumeense, ao lado do prefeito \u00c9den Duarte e do vice-prefeito Dr\u00f3.<\/p>\n\n\n\n<p>As prioridades eleitas durante a plen\u00e1ria foram:<\/p>\n\n\n\n<p>1- Urbanismo e Infraestrutura 55%<br>2- Saneamento B\u00e1sico 18 %<br>3- Desporto e Lazer 17%<\/p>\n\n\n\n<p>Vale destacar que ap\u00f3s o fim do ciclo do Or\u00e7amento Democr\u00e1tico, a gest\u00e3o municipal vai incluir as demandas a serem executadas no pr\u00f3ximo ano na pe\u00e7a or\u00e7ament\u00e1ria, que em seguida, ser\u00e1 apreciada pela C\u00e2mara de Vereadores.<\/p>\n\n\n\n<p>Ap\u00f3s a realiza\u00e7\u00e3o da audi\u00eancia na v\u00e1rzea redonda, o pr\u00f3ximo bairro a receber o ODM ser\u00e1 o Alto Alegre, no dia 12 de julho, em seguida o sitio Concei\u00e7\u00e3o, no dia 13.<\/p>\n","protected":false},"excerpt":{"rendered":"<p>Foi realizada na noite desta sexta-feira, a primeira plen\u00e1ria do Or\u00e7amento Democr\u00e1tico Municipal, o primeiro encontro aconteceu na quadra de esportes do Gin\u00e1sio O Ded\u00e3o,&hellip; <\/p>\n","protected":false},"author":1,"featured_media":103734,"comment_status":"closed","ping_status":"closed","sticky":false,"template":"","format":"standard","meta":{"sfsi_plus_gutenberg_text_before_share":"","sfsi_plus_gutenberg_show_text_before_share":"","sfsi_plus_gutenberg_icon_type":"","sfsi_plus_gutenberg_icon_alignemt":"","sfsi_plus_gutenburg_max_per_row":"","footnotes":""},"categories":[2],"tags":[],"class_list":["post-103733","post","type-post","status-publish","format-standard","has-post-thumbnail","hentry","category-geral"],"_links":{"self":[{"href":"https:\/\/www.caririemacao.com\/1\/wp-json\/wp\/v2\/posts\/103733","targetHints":{"allow":["GET"]}}],"collection":[{"href":"https:\/\/www.caririemacao.com\/1\/wp-json\/wp\/v2\/posts"}],"about":[{"href":"https:\/\/www.caririemacao.com\/1\/wp-json\/wp\/v2\/types\/post"}],"author":[{"embeddable":true,"href":"https:\/\/www.caririemacao.com\/1\/wp-json\/wp\/v2\/users\/1"}],"replies":[{"embeddable":true,"href":"https:\/\/www.caririemacao.com\/1\/wp-json\/wp\/v2\/comments?post=103733"}],"version-history":[{"count":1,"href":"https:\/\/www.caririemacao.com\/1\/wp-json\/wp\/v2\/posts\/103733\/revisions"}],"predecessor-version":[{"id":103735,"href":"https:\/\/www.caririemacao.com\/1\/wp-json\/wp\/v2\/posts\/103733\/revisions\/103735"}],"wp:featuredmedia":[{"embeddable":true,"href":"https:\/\/www.caririemacao.com\/1\/wp-json\/wp\/v2\/media\/103734"}],"wp:attachment":[{"href":"https:\/\/www.caririemacao.com\/1\/wp-json\/wp\/v2\/media?parent=103733"}],"wp:term":[{"taxonomy":"category","embeddable":true,"href":"https:\/\/www.caririemacao.com\/1\/wp-json\/wp\/v2\/categories?post=103733"},{"taxonomy":"post_tag","embeddable":true,"href":"https:\/\/www.caririemacao.com\/1\/wp-json\/wp\/v2\/tags?post=103733"}],"curies":[{"name":"wp","href":"https:\/\/api.w.org\/{rel}","templated":true}]}}