{"id":103741,"date":"2019-07-08T07:36:22","date_gmt":"2019-07-08T10:36:22","guid":{"rendered":"http:\/\/www.caririemacao.com\/1\/?p=103741"},"modified":"2019-07-08T07:36:22","modified_gmt":"2019-07-08T10:36:22","slug":"comecam-hoje-as-inscricoes-para-a-2a-fase-do-programa-mais-medicos","status":"publish","type":"post","link":"https:\/\/www.caririemacao.com\/1\/2019\/07\/08\/comecam-hoje-as-inscricoes-para-a-2a-fase-do-programa-mais-medicos\/","title":{"rendered":"Come\u00e7am hoje as inscri\u00e7\u00f5es para a 2\u00aa fase do Programa Mais M\u00e9dicos"},"content":{"rendered":"\n<p>A partir desta segunda-feira (8) come\u00e7am as inscri\u00e7\u00f5es para a 2\u00aa fase do edital do&nbsp; Programa Mais M\u00e9dicos, agora destinadas a brasileiros formados no exterior.<\/p>\n\n\n\n<p>Os profissionais interessados em aderir ao programa ter\u00e3o entre os dias 8 e 12 de julho para fazer a inscri\u00e7\u00e3o.<\/p>\n\n\n\n<p>As inscri\u00e7\u00f5es ter\u00e3o que ser feitas exclusivamente pela internet, atrav\u00e9s do&nbsp;<a href=\"http:\/\/http\/\/maismedicos.saude.gov.br\/loginExt.php\" target=\"_blank\" rel=\"noreferrer noopener\">Sistema de Gerenciamento de Programas (SGP)<\/a>.<\/p>\n\n\n\n<p>Quanto aos m\u00e9dicos que tiveram as inscri\u00e7\u00f5es conclu\u00eddas na 1\u00aa fase do edital, o prazo para se apresentarem nas cidades escolhidas terminou no dia 28 de junho.<\/p>\n\n\n\n<p>Os n\u00fameros consolidados dos m\u00e9dicos homologados e a lista dos munic\u00edpios com vagas preenchidas ser\u00e3o divulgados a partir de hoje no&nbsp;<a href=\"http:\/\/www.maismedicos.gov.br\/\" target=\"_blank\" rel=\"noreferrer noopener\"><em>site<\/em>&nbsp;do programa<\/a>.<\/p>\n\n\n\n<p>Os munic\u00edpios contemplados neste edital do Mais M\u00e9dicos s\u00e3o de \u00e1reas historicamente com maiores dificuldades de acesso \u2013 a exemplo das ribeirinhas, fluviais, quilombolas e ind\u00edgenas \u2013 e que dependem do atendimento do Sistema \u00danico de Sa\u00fade (SUS).<\/p>\n\n\n\n<p>As pessoas que vivem nas \u00e1reas mais vulner\u00e1veis do Brasil ter\u00e3o um refor\u00e7o na assist\u00eancia \u00e0 Aten\u00e7\u00e3o Prim\u00e1ria pelo Programa Mais M\u00e9dicos a partir deste m\u00eas. At\u00e9 o momento, 1.481 profissionais brasileiros j\u00e1 come\u00e7aram a atuar nas unidades de sa\u00fade.<\/p>\n","protected":false},"excerpt":{"rendered":"<p>A partir desta segunda-feira (8) come\u00e7am as inscri\u00e7\u00f5es para a 2\u00aa fase do edital do&nbsp; Programa Mais M\u00e9dicos, agora destinadas a brasileiros formados no exterior.&hellip; <\/p>\n","protected":false},"author":1,"featured_media":83579,"comment_status":"closed","ping_status":"closed","sticky":false,"template":"","format":"standard","meta":{"sfsi_plus_gutenberg_text_before_share":"","sfsi_plus_gutenberg_show_text_before_share":"","sfsi_plus_gutenberg_icon_type":"","sfsi_plus_gutenberg_icon_alignemt":"","sfsi_plus_gutenburg_max_per_row":"","footnotes":""},"categories":[2],"tags":[],"class_list":["post-103741","post","type-post","status-publish","format-standard","has-post-thumbnail","hentry","category-geral"],"_links":{"self":[{"href":"https:\/\/www.caririemacao.com\/1\/wp-json\/wp\/v2\/posts\/103741","targetHints":{"allow":["GET"]}}],"collection":[{"href":"https:\/\/www.caririemacao.com\/1\/wp-json\/wp\/v2\/posts"}],"about":[{"href":"https:\/\/www.caririemacao.com\/1\/wp-json\/wp\/v2\/types\/post"}],"author":[{"embeddable":true,"href":"https:\/\/www.caririemacao.com\/1\/wp-json\/wp\/v2\/users\/1"}],"replies":[{"embeddable":true,"href":"https:\/\/www.caririemacao.com\/1\/wp-json\/wp\/v2\/comments?post=103741"}],"version-history":[{"count":1,"href":"https:\/\/www.caririemacao.com\/1\/wp-json\/wp\/v2\/posts\/103741\/revisions"}],"predecessor-version":[{"id":103742,"href":"https:\/\/www.caririemacao.com\/1\/wp-json\/wp\/v2\/posts\/103741\/revisions\/103742"}],"wp:featuredmedia":[{"embeddable":true,"href":"https:\/\/www.caririemacao.com\/1\/wp-json\/wp\/v2\/media\/83579"}],"wp:attachment":[{"href":"https:\/\/www.caririemacao.com\/1\/wp-json\/wp\/v2\/media?parent=103741"}],"wp:term":[{"taxonomy":"category","embeddable":true,"href":"https:\/\/www.caririemacao.com\/1\/wp-json\/wp\/v2\/categories?post=103741"},{"taxonomy":"post_tag","embeddable":true,"href":"https:\/\/www.caririemacao.com\/1\/wp-json\/wp\/v2\/tags?post=103741"}],"curies":[{"name":"wp","href":"https:\/\/api.w.org\/{rel}","templated":true}]}}