{"id":103772,"date":"2019-07-08T09:57:26","date_gmt":"2019-07-08T12:57:26","guid":{"rendered":"http:\/\/www.caririemacao.com\/1\/?p=103772"},"modified":"2019-07-08T09:57:26","modified_gmt":"2019-07-08T12:57:26","slug":"jogadores-aprovam-presenca-de-bolsonaro-na-festa-tite-se-cala","status":"publish","type":"post","link":"https:\/\/www.caririemacao.com\/1\/2019\/07\/08\/jogadores-aprovam-presenca-de-bolsonaro-na-festa-tite-se-cala\/","title":{"rendered":"Jogadores aprovam presen\u00e7a de Bolsonaro na festa; Tite se cala"},"content":{"rendered":"\n<p>O presidente Jair Bolsonaro participou ativamente da festa da sele\u00e7\u00e3o brasileira no Maracan\u00e3 e chegou a erguer a ta\u00e7a da Copa Am\u00e9rica. Questionado durante sua entrevista coletiva neste domingo, 7, o t\u00e9cnico Tite, que escapou no momento da foto do grupo com o presidente, se negou a falar sobre o tema. Os jogadores, no entanto, aprovaram a presen\u00e7a da \u201cautoridade m\u00e1xima do pa\u00eds\u201d. O zagueiro Marquinhos garantiu que cumprimentou o presidente.<\/p>\n\n\n\n<p>Durante a coletiva de imprensa, um jornalista estrangeiro pediu para fazer uma pergunta em ingl\u00eas sobre a presen\u00e7a Bolsonaro. O assessor que comandava a entrevista tentou vetar o questionamento por \u201cn\u00e3o se tratar de um assunto da Copa Am\u00e9rica\u201d, mas diante da revolta dos jornalistas presentes, Tite aceitou responder, de forma sucinta: \u201cEu fico t\u00e3o envolvido no futebol, nas situa\u00e7\u00f5es, mas a minha situa\u00e7\u00e3o e no meu foco \u00e9 na minha ess\u00eancia. Nisso eu fico envolvido. As outras situa\u00e7\u00f5es s\u00e3o de fora.\u201d<\/p>\n\n\n\n<p>Finalizada a coletiva, o t\u00e9cnico Tite ficou na sala mais alguns minutos e respondeu aos jornalistas que n\u00e3o foram atendidos. Questionado se teria se incomodado com a presen\u00e7a do presidente da Rep\u00fablica, deixou claro que n\u00e3o queria se posicionar sobre isso. \u201cS\u00f3 bola. Eu n\u00e3o quero entrar nisso. A resposta \u00e9: eu n\u00e3o quero entrar nisso.\u201d<\/p>\n\n\n\n<p>O zagueiro Marquinhos tratou de fazer um esclarecimento. Viralizou nas redes sociais um momento em que o defensor passa reto por Bolsonaro, no momento da entrega das medalhas. \u201cN\u00e3o, pelo amor de Deus (risos). Era a segunda vez que eu tinha passado, eu j\u00e1 tinha cumprimentado ele, a\u00ed depois voltei para pegar a medalha com a pessoa que estava antes dele e por isso passei\u201d, disse. \u201c\u00c9 autoridade m\u00e1xima do pa\u00eds e o torneio sendo no Brasil, n\u00e3o vejo problema de ele estar ali, \u00e9 como acontece em v\u00e1rios pa\u00edses\u201d, completou.<\/p>\n\n\n\n<p>O capit\u00e3o Daniel Alves pregou respeito a Bolsonaro. \u201cO presidente \u00e9 autoridade m\u00e1xima e como cidad\u00e3o tenho que respeitar o presidente da Rep\u00fablica. Se gostam ou n\u00e3o gostam, esse n\u00e3o \u00e9 o lugar para as pessoas opinarem. Ele n\u00e3o comprou o direito de estar ali, as pessoas votaram nele, e a \u00fanica coisa que eu desejo a ele \u00e9 que melhore nosso pa\u00eds e aumente a esperan\u00e7a dos cidad\u00e3os e que as pessoas saibam que o respeito \u00e9 o princ\u00edpio de tudo.\u201d<\/p>\n\n\n\n<p>O zagueiro Thiago Silva e o atacante David Neres seguiram a mesma linha. \u201cAcho mais do que justo que nosso presidente des\u00e7a para tirar fotos e espero que isso aconte\u00e7a muitas vezes\u201d, disse o zagueiro. \u201c\u00c9 o presidente do Brasil, acho que \u00e9 importante ele estar ali. N\u00e3o tenho muito o que falar sobre isso\u201d, resumiu Neres.<\/p>\n\n\n\n<p>O pr\u00f3prio Bolsonaro postou em suas redes sociais o momento em que entrou no campo para segurar a ta\u00e7a ao lado dos atletas. Na imagem postada pelo presidente, ouvem-se gritos de \u201cmito\u201d.<\/p>\n","protected":false},"excerpt":{"rendered":"<p>O presidente Jair Bolsonaro participou ativamente da festa da sele\u00e7\u00e3o brasileira no Maracan\u00e3 e chegou a erguer a ta\u00e7a da Copa Am\u00e9rica. Questionado durante sua&hellip; <\/p>\n","protected":false},"author":1,"featured_media":103773,"comment_status":"closed","ping_status":"closed","sticky":false,"template":"","format":"standard","meta":{"sfsi_plus_gutenberg_text_before_share":"","sfsi_plus_gutenberg_show_text_before_share":"","sfsi_plus_gutenberg_icon_type":"","sfsi_plus_gutenberg_icon_alignemt":"","sfsi_plus_gutenburg_max_per_row":"","footnotes":""},"categories":[13],"tags":[],"class_list":["post-103772","post","type-post","status-publish","format-standard","has-post-thumbnail","hentry","category-esportes"],"_links":{"self":[{"href":"https:\/\/www.caririemacao.com\/1\/wp-json\/wp\/v2\/posts\/103772","targetHints":{"allow":["GET"]}}],"collection":[{"href":"https:\/\/www.caririemacao.com\/1\/wp-json\/wp\/v2\/posts"}],"about":[{"href":"https:\/\/www.caririemacao.com\/1\/wp-json\/wp\/v2\/types\/post"}],"author":[{"embeddable":true,"href":"https:\/\/www.caririemacao.com\/1\/wp-json\/wp\/v2\/users\/1"}],"replies":[{"embeddable":true,"href":"https:\/\/www.caririemacao.com\/1\/wp-json\/wp\/v2\/comments?post=103772"}],"version-history":[{"count":1,"href":"https:\/\/www.caririemacao.com\/1\/wp-json\/wp\/v2\/posts\/103772\/revisions"}],"predecessor-version":[{"id":103774,"href":"https:\/\/www.caririemacao.com\/1\/wp-json\/wp\/v2\/posts\/103772\/revisions\/103774"}],"wp:featuredmedia":[{"embeddable":true,"href":"https:\/\/www.caririemacao.com\/1\/wp-json\/wp\/v2\/media\/103773"}],"wp:attachment":[{"href":"https:\/\/www.caririemacao.com\/1\/wp-json\/wp\/v2\/media?parent=103772"}],"wp:term":[{"taxonomy":"category","embeddable":true,"href":"https:\/\/www.caririemacao.com\/1\/wp-json\/wp\/v2\/categories?post=103772"},{"taxonomy":"post_tag","embeddable":true,"href":"https:\/\/www.caririemacao.com\/1\/wp-json\/wp\/v2\/tags?post=103772"}],"curies":[{"name":"wp","href":"https:\/\/api.w.org\/{rel}","templated":true}]}}