{"id":103783,"date":"2019-07-08T10:06:02","date_gmt":"2019-07-08T13:06:02","guid":{"rendered":"http:\/\/www.caririemacao.com\/1\/?p=103783"},"modified":"2019-07-08T10:06:02","modified_gmt":"2019-07-08T13:06:02","slug":"datafolha-33-aprovam-e-33-desaprovam-o-governo-bolsonaro","status":"publish","type":"post","link":"https:\/\/www.caririemacao.com\/1\/2019\/07\/08\/datafolha-33-aprovam-e-33-desaprovam-o-governo-bolsonaro\/","title":{"rendered":"Datafolha: 33% aprovam e 33% desaprovam o governo Bolsonaro"},"content":{"rendered":"\n<p>Pesquisa Datafolha divulgada nesta segunda-feira (8) pelo jornal &#8220;Folha de S.Paulo&#8221; mostra os seguintes percentuais de avalia\u00e7\u00e3o do governo do presidente Jair Bolsonaro (PSL):<\/p>\n\n\n\n<p>\u00d3timo\/bom: 33%<br>Regular: 31%<br>Ruim\/p\u00e9ssimo: 33%<br>N\u00e3o sabe\/n\u00e3o respondeu: 2%<\/p>\n\n\n\n<p>A pesquisa foi realizada nos dias 4 e 5 de julho com 2.086 entrevistados com mais de 16 anos, em 130 cidades do pa\u00eds. A margem de erro \u00e9 de dois pontos percentuais para mais ou menos. O n\u00edvel de confian\u00e7a da pesquisa \u00e9 de 95%. Isso quer dizer que h\u00e1 uma probabilidade de 95% de os resultados retratarem a realidade, considerando a margem de erro.<\/p>\n\n\n\n<p><strong>Em abril, quando foi realizada a pesquisa anterior, os \u00edndices foram:<\/strong><\/p>\n\n\n\n<p>\u00d3timo\/bom: 32%<br>Regular: 33%<br>Ruim\/p\u00e9ssimo: 30%<br>N\u00e3o sabe\/n\u00e3o respondeu: 4%<\/p>\n\n\n\n<p>Em rela\u00e7\u00e3o \u00e0 expectativa com o futuro do governo, ap\u00f3s seis meses de mandato, 51% esperam que Bolsonaro fa\u00e7a um governo \u00f3timo ou bom; 21%, regular; e 24%, p\u00e9ssimo. Antes da posse, 65% esperavam que Bolsonaro fizesse um governo \u00f3timo ou bom, contra 17% de regular e 12%, ruim ou p\u00e9ssimo.<\/p>\n\n\n\n<p>O Datafolha tamb\u00e9m perguntou se Bolsonaro fez mais, menos ou o que deveria pelo pa\u00eds. Os resultados foram os seguintes:<\/p>\n\n\n\n<p>Fez pelo pa\u00eds mais do que esperava: 12% (eram 13% em abril)<br>Fez pelo pa\u00eds o que esperava que ele fizesse: 22% (eram 22%)<br>Fez pelo pa\u00eds menos do que esperava: 61% (eram 61%)<\/p>\n\n\n\n<p>E levantou, ainda, se os entrevistados acreditam que o presidente age ou n\u00e3o como deveria. Veja os percentuais:<\/p>\n\n\n\n<p>Age como presidente deveria: 22% (eram 27% em abril)<br>Na maioria das ocasi\u00f5es age como deveria: 28% (eram 27%)<br>Em algumas ocasi\u00f5es age como deveria: 21% (eram 20%)<br>Em nenhuma ocasi\u00e3o age como deveria: 25% (eram 23%)<\/p>\n\n\n\n<p><strong>Outros presidentes<\/strong><\/p>\n\n\n\n<p>Aos seis meses de mandato, os percentuais de \u00f3timo e bom dos demais presidentes foram os seguintes:<\/p>\n\n\n\n<p>Fernando Collor (1990): 34%<br>Itamar Franco (1993): 24%<br>FHC 1 (1995): 40%<br>FHC 2 (199): 16%<br>Lula 1 (2003): 42%<br>Dilma 1 (2011): 49%<br>Dilma 2 (2015): 10%<br>Bolsonaro (2019): 33%<\/p>\n\n\n\n<p>*N\u00e3o houve pesquisa nos primeiros seis meses do mandato de Temer e do segundo mandato de Lula<\/p>\n","protected":false},"excerpt":{"rendered":"<p>Pesquisa Datafolha divulgada nesta segunda-feira (8) pelo jornal &#8220;Folha de S.Paulo&#8221; mostra os seguintes percentuais de avalia\u00e7\u00e3o do governo do presidente Jair Bolsonaro (PSL): \u00d3timo\/bom:&hellip; <\/p>\n","protected":false},"author":1,"featured_media":103784,"comment_status":"closed","ping_status":"closed","sticky":false,"template":"","format":"standard","meta":{"sfsi_plus_gutenberg_text_before_share":"","sfsi_plus_gutenberg_show_text_before_share":"","sfsi_plus_gutenberg_icon_type":"","sfsi_plus_gutenberg_icon_alignemt":"","sfsi_plus_gutenburg_max_per_row":"","footnotes":""},"categories":[11],"tags":[],"class_list":["post-103783","post","type-post","status-publish","format-standard","has-post-thumbnail","hentry","category-politica"],"_links":{"self":[{"href":"https:\/\/www.caririemacao.com\/1\/wp-json\/wp\/v2\/posts\/103783","targetHints":{"allow":["GET"]}}],"collection":[{"href":"https:\/\/www.caririemacao.com\/1\/wp-json\/wp\/v2\/posts"}],"about":[{"href":"https:\/\/www.caririemacao.com\/1\/wp-json\/wp\/v2\/types\/post"}],"author":[{"embeddable":true,"href":"https:\/\/www.caririemacao.com\/1\/wp-json\/wp\/v2\/users\/1"}],"replies":[{"embeddable":true,"href":"https:\/\/www.caririemacao.com\/1\/wp-json\/wp\/v2\/comments?post=103783"}],"version-history":[{"count":1,"href":"https:\/\/www.caririemacao.com\/1\/wp-json\/wp\/v2\/posts\/103783\/revisions"}],"predecessor-version":[{"id":103785,"href":"https:\/\/www.caririemacao.com\/1\/wp-json\/wp\/v2\/posts\/103783\/revisions\/103785"}],"wp:featuredmedia":[{"embeddable":true,"href":"https:\/\/www.caririemacao.com\/1\/wp-json\/wp\/v2\/media\/103784"}],"wp:attachment":[{"href":"https:\/\/www.caririemacao.com\/1\/wp-json\/wp\/v2\/media?parent=103783"}],"wp:term":[{"taxonomy":"category","embeddable":true,"href":"https:\/\/www.caririemacao.com\/1\/wp-json\/wp\/v2\/categories?post=103783"},{"taxonomy":"post_tag","embeddable":true,"href":"https:\/\/www.caririemacao.com\/1\/wp-json\/wp\/v2\/tags?post=103783"}],"curies":[{"name":"wp","href":"https:\/\/api.w.org\/{rel}","templated":true}]}}