{"id":103788,"date":"2019-07-08T12:29:16","date_gmt":"2019-07-08T15:29:16","guid":{"rendered":"http:\/\/www.caririemacao.com\/1\/?p=103788"},"modified":"2019-07-08T12:29:16","modified_gmt":"2019-07-08T15:29:16","slug":"prefeito-emite-nota-de-pesar-pelo-falecimento-do-filho-de-evaldo-goncalves","status":"publish","type":"post","link":"https:\/\/www.caririemacao.com\/1\/2019\/07\/08\/prefeito-emite-nota-de-pesar-pelo-falecimento-do-filho-de-evaldo-goncalves\/","title":{"rendered":"Prefeito emite nota de pesar pelo falecimento do filho de Evaldo Gon\u00e7alves"},"content":{"rendered":"\n<p>Em nome da Prefeitura Municipal de Sum\u00e9, o prefeito \u00c9den Duarte, se solidariza com a fam\u00edlia do ex deputado federal Evaldo Gon\u00e7alves, pelo falecimento de seu filho, Luciano Gon\u00e7alves, ocorrido neste domingo.<\/p>\n\n\n\n<p>Neste momento de dor e despedida, o munic\u00edpio de Sum\u00e9 externa aos familiares e amigos de Luciano, os mais sinceros sentimentos, pedindo a Deus que os conforte, dando-lhes a for\u00e7a necess\u00e1ria.<\/p>\n","protected":false},"excerpt":{"rendered":"<p>Em nome da Prefeitura Municipal de Sum\u00e9, o prefeito \u00c9den Duarte, se solidariza com a fam\u00edlia do ex deputado federal Evaldo Gon\u00e7alves, pelo falecimento de&hellip; <\/p>\n","protected":false},"author":2,"featured_media":103789,"comment_status":"closed","ping_status":"closed","sticky":false,"template":"","format":"standard","meta":{"sfsi_plus_gutenberg_text_before_share":"","sfsi_plus_gutenberg_show_text_before_share":"","sfsi_plus_gutenberg_icon_type":"","sfsi_plus_gutenberg_icon_alignemt":"","sfsi_plus_gutenburg_max_per_row":"","footnotes":""},"categories":[50,2],"tags":[],"class_list":["post-103788","post","type-post","status-publish","format-standard","has-post-thumbnail","hentry","category-destaque","category-geral"],"_links":{"self":[{"href":"https:\/\/www.caririemacao.com\/1\/wp-json\/wp\/v2\/posts\/103788","targetHints":{"allow":["GET"]}}],"collection":[{"href":"https:\/\/www.caririemacao.com\/1\/wp-json\/wp\/v2\/posts"}],"about":[{"href":"https:\/\/www.caririemacao.com\/1\/wp-json\/wp\/v2\/types\/post"}],"author":[{"embeddable":true,"href":"https:\/\/www.caririemacao.com\/1\/wp-json\/wp\/v2\/users\/2"}],"replies":[{"embeddable":true,"href":"https:\/\/www.caririemacao.com\/1\/wp-json\/wp\/v2\/comments?post=103788"}],"version-history":[{"count":1,"href":"https:\/\/www.caririemacao.com\/1\/wp-json\/wp\/v2\/posts\/103788\/revisions"}],"predecessor-version":[{"id":103790,"href":"https:\/\/www.caririemacao.com\/1\/wp-json\/wp\/v2\/posts\/103788\/revisions\/103790"}],"wp:featuredmedia":[{"embeddable":true,"href":"https:\/\/www.caririemacao.com\/1\/wp-json\/wp\/v2\/media\/103789"}],"wp:attachment":[{"href":"https:\/\/www.caririemacao.com\/1\/wp-json\/wp\/v2\/media?parent=103788"}],"wp:term":[{"taxonomy":"category","embeddable":true,"href":"https:\/\/www.caririemacao.com\/1\/wp-json\/wp\/v2\/categories?post=103788"},{"taxonomy":"post_tag","embeddable":true,"href":"https:\/\/www.caririemacao.com\/1\/wp-json\/wp\/v2\/tags?post=103788"}],"curies":[{"name":"wp","href":"https:\/\/api.w.org\/{rel}","templated":true}]}}