{"id":103791,"date":"2019-07-08T12:32:23","date_gmt":"2019-07-08T15:32:23","guid":{"rendered":"http:\/\/www.caririemacao.com\/1\/?p=103791"},"modified":"2019-07-08T12:32:23","modified_gmt":"2019-07-08T15:32:23","slug":"exclusivo-ex-prefeito-guga-lins-e-todos-membros-da-oposicao-liberados","status":"publish","type":"post","link":"https:\/\/www.caririemacao.com\/1\/2019\/07\/08\/exclusivo-ex-prefeito-guga-lins-e-todos-membros-da-oposicao-liberados\/","title":{"rendered":"EXCLUSIVO: Ex-prefeito Guga Lins e todos membros da oposi\u00e7\u00e3o liberados"},"content":{"rendered":"\n<p>Em primeiro m\u00e3o o Tribuna do Moxot\u00f3 soube agora atrav\u00e9s do advogado que o ex-prefeito Guga Lins e todos os membros da oposi\u00e7\u00e3o, bem como os demais presos est\u00e3o sendo soltos agora pela manh\u00e3.<\/p>\n\n\n\n<p>Segundo o advogado Dr. Henrique, o delegado de Pol\u00edcia Ubiratan n\u00e3o pediu pela prorroga\u00e7\u00e3o da pris\u00e3o de nenhum dos presos.<\/p>\n\n\n\n<p>Foram soltos de acordos com o oficio expedido pelo Delegado de Pol\u00edcia Ubiratan Rocha Fernandes, as pessoas:<\/p>\n\n\n\n<ul class=\"wp-block-list\"><li><strong>GUSTAVO MACIEL LINS DE ALQUERQUE (GUGA LINS)<br><\/strong><\/li><li><strong>ANT\u00d4NIO CARLOS DE SOUZA SANTANA<\/strong><\/li><li><strong>AISLAN CORDEIRO DO AMARAL SANTIGO<\/strong><\/li><li><strong>ALEXANDRE&nbsp; DE LIMA LAET<\/strong><\/li><li><strong>EXPEDITO JOS\u00c9 DOS SANTOS<\/strong><\/li><\/ul>\n\n\n\n<p>\n\nTribuna do Moxot\u00f3\n\n<\/p>\n","protected":false},"excerpt":{"rendered":"<p>Em primeiro m\u00e3o o Tribuna do Moxot\u00f3 soube agora atrav\u00e9s do advogado que o ex-prefeito Guga Lins e todos os membros da oposi\u00e7\u00e3o, bem como&hellip; <\/p>\n","protected":false},"author":2,"featured_media":103792,"comment_status":"closed","ping_status":"closed","sticky":false,"template":"","format":"standard","meta":{"sfsi_plus_gutenberg_text_before_share":"","sfsi_plus_gutenberg_show_text_before_share":"","sfsi_plus_gutenberg_icon_type":"","sfsi_plus_gutenberg_icon_alignemt":"","sfsi_plus_gutenburg_max_per_row":"","footnotes":""},"categories":[50,11],"tags":[],"class_list":["post-103791","post","type-post","status-publish","format-standard","has-post-thumbnail","hentry","category-destaque","category-politica"],"_links":{"self":[{"href":"https:\/\/www.caririemacao.com\/1\/wp-json\/wp\/v2\/posts\/103791","targetHints":{"allow":["GET"]}}],"collection":[{"href":"https:\/\/www.caririemacao.com\/1\/wp-json\/wp\/v2\/posts"}],"about":[{"href":"https:\/\/www.caririemacao.com\/1\/wp-json\/wp\/v2\/types\/post"}],"author":[{"embeddable":true,"href":"https:\/\/www.caririemacao.com\/1\/wp-json\/wp\/v2\/users\/2"}],"replies":[{"embeddable":true,"href":"https:\/\/www.caririemacao.com\/1\/wp-json\/wp\/v2\/comments?post=103791"}],"version-history":[{"count":1,"href":"https:\/\/www.caririemacao.com\/1\/wp-json\/wp\/v2\/posts\/103791\/revisions"}],"predecessor-version":[{"id":103793,"href":"https:\/\/www.caririemacao.com\/1\/wp-json\/wp\/v2\/posts\/103791\/revisions\/103793"}],"wp:featuredmedia":[{"embeddable":true,"href":"https:\/\/www.caririemacao.com\/1\/wp-json\/wp\/v2\/media\/103792"}],"wp:attachment":[{"href":"https:\/\/www.caririemacao.com\/1\/wp-json\/wp\/v2\/media?parent=103791"}],"wp:term":[{"taxonomy":"category","embeddable":true,"href":"https:\/\/www.caririemacao.com\/1\/wp-json\/wp\/v2\/categories?post=103791"},{"taxonomy":"post_tag","embeddable":true,"href":"https:\/\/www.caririemacao.com\/1\/wp-json\/wp\/v2\/tags?post=103791"}],"curies":[{"name":"wp","href":"https:\/\/api.w.org\/{rel}","templated":true}]}}