{"id":103794,"date":"2019-07-08T12:54:48","date_gmt":"2019-07-08T15:54:48","guid":{"rendered":"http:\/\/www.caririemacao.com\/1\/?p=103794"},"modified":"2019-07-08T12:54:48","modified_gmt":"2019-07-08T15:54:48","slug":"ministra-damares-alves-faz-vistoria-em-aeronaves-abandonadas-da-funai","status":"publish","type":"post","link":"https:\/\/www.caririemacao.com\/1\/2019\/07\/08\/ministra-damares-alves-faz-vistoria-em-aeronaves-abandonadas-da-funai\/","title":{"rendered":"Ministra Damares Alves faz vistoria em aeronaves abandonadas da Funai"},"content":{"rendered":"\n<p>Neste fim de semana a ministra da Mulher, da Fam\u00edlia e dos Direitos Humanos, Damares Alves vistoriou oito aeronaves da Funda\u00e7\u00e3o Nacional do \u00cdndio (Funai) que foram abandonadas em p\u00e1tios e hangares de aeroportos e constatou o sucateamento dos bens.<\/p>\n\n\n\n<p>\u201cFoi uma surpresa quando descobrimos que a Funai tinha frota e essa frota estava sucateada\u201d, disse Damares durante vistoria. As aeronaves acumulam preju\u00edzo de pelo menos R$ 3 milh\u00f5es com alugu\u00e9is de hangares n\u00e3o pagos, de acordo com o Minist\u00e9rio da Mulher, da Fam\u00edlia e dos Direitos Humanos. Um edital para leil\u00e3o dos bens deve ser lan\u00e7ado dentro de 30 dias.<\/p>\n\n\n\n<p>Os avi\u00f5es est\u00e3o em Goi\u00e2nia (GO), Bras\u00edlia (DF), no Rio de Janeiro (RJ) e em Itaituba (PA). De acordo com o minist\u00e9rio, as aeronaves vistoriadas pela ministra est\u00e3o em p\u00e9ssimo estado de conserva\u00e7\u00e3o e sem condi\u00e7\u00f5es de voar.<\/p>\n\n\n\n<p>\u201cVerificamos que turbinas e motores foram roubados. \u00c9 dif\u00edcil apurar responsabilidades. No caso do avi\u00e3o do Rio de Janeiro, n\u00e3o se sabe quando ele chegou. H\u00e1 uma hip\u00f3tese de que tenha chegado em 2013. Temos aeronaves em p\u00e1tios particulares que a cobran\u00e7a est\u00e1 chegando. O que vamos apurar no leil\u00e3o n\u00e3o paga 20% do que est\u00e1 sendo cobrado por p\u00e1tios particulares\u201d.<\/p>\n\n\n\n<p>As aeronaves eram usadas na aten\u00e7\u00e3o \u00e0 sa\u00fade ind\u00edgena. A ministra ressaltou o preju\u00edzo \u201cincalcul\u00e1vel\u201d que a situa\u00e7\u00e3o representa para o atendimento a essa popula\u00e7\u00e3o. \u201c\u00c9 um descaso, \u00edndio morrendo por falta de assist\u00eancia m\u00e9dica. Essa aeronave poderia estar l\u00e1 no Minist\u00e9rio da Sa\u00fade com a sa\u00fade ind\u00edgena e est\u00e1 aqui abandonada desde 2012\u201d, disse a ministra durante a vistoria no aeroporto de Bras\u00edlia.<\/p>\n\n\n\n<p>Segundo o minist\u00e9rio, a Funai investiga o ocorrido, mas a suspeita \u00e9 que elas tenham sido abandonadas ap\u00f3s a compet\u00eancia pelo atendimento em sa\u00fade ind\u00edgena ter sido transferido da Funai para o Minist\u00e9rio da Sa\u00fade, em 2010. N\u00e3o h\u00e1 registro em documento que explique o porqu\u00ea de os bens n\u00e3o terem sido transferidos para o \u00f3rg\u00e3o \u00e0 \u00e9poca.<\/p>\n\n\n\n<p>\u201cEssas aeronaves estavam a servi\u00e7os da sa\u00fade ind\u00edgena. Quando a sa\u00fade ind\u00edgena saiu da Funai e foi pra Funasa, h\u00e1 anos, elas tinham que ter sido enviada para l\u00e1, mas esbarrou muitas vezes no processo burocr\u00e1tico. Dizer que vamos encontrar todos os culpados, n\u00e3o vamos, porque percebemos que parte da culpa foi a pr\u00f3pria burocracia que o sistema imp\u00f5e. Mas o descaso \u00e9 imperdo\u00e1vel\u201d, avaliou Damares<\/p>\n\n\n\n<p>Al\u00e9m das aeronaves de propriedade da Funai, h\u00e1 tamb\u00e9m uma de propriedade do Incra que foi cedida ao \u00f3rg\u00e3o para o atendimento aos ind\u00edgenas.<\/p>\n\n\n\n<p>Na manh\u00e3 de hoje (8), o presidente Jair Bolsonaro publicou no Twitter o v\u00eddeo da vistoria da ministra Damares Alves e escreveu que \u201cA Funai, como regra, &#8216;cuidava&#8217; de tudo, menos do \u00edndio\u201d.<\/p>\n","protected":false},"excerpt":{"rendered":"<p>Neste fim de semana a ministra da Mulher, da Fam\u00edlia e dos Direitos Humanos, Damares Alves vistoriou oito aeronaves da Funda\u00e7\u00e3o Nacional do \u00cdndio (Funai)&hellip; <\/p>\n","protected":false},"author":1,"featured_media":103795,"comment_status":"closed","ping_status":"closed","sticky":false,"template":"","format":"standard","meta":{"sfsi_plus_gutenberg_text_before_share":"","sfsi_plus_gutenberg_show_text_before_share":"","sfsi_plus_gutenberg_icon_type":"","sfsi_plus_gutenberg_icon_alignemt":"","sfsi_plus_gutenburg_max_per_row":"","footnotes":""},"categories":[11],"tags":[],"class_list":["post-103794","post","type-post","status-publish","format-standard","has-post-thumbnail","hentry","category-politica"],"_links":{"self":[{"href":"https:\/\/www.caririemacao.com\/1\/wp-json\/wp\/v2\/posts\/103794","targetHints":{"allow":["GET"]}}],"collection":[{"href":"https:\/\/www.caririemacao.com\/1\/wp-json\/wp\/v2\/posts"}],"about":[{"href":"https:\/\/www.caririemacao.com\/1\/wp-json\/wp\/v2\/types\/post"}],"author":[{"embeddable":true,"href":"https:\/\/www.caririemacao.com\/1\/wp-json\/wp\/v2\/users\/1"}],"replies":[{"embeddable":true,"href":"https:\/\/www.caririemacao.com\/1\/wp-json\/wp\/v2\/comments?post=103794"}],"version-history":[{"count":1,"href":"https:\/\/www.caririemacao.com\/1\/wp-json\/wp\/v2\/posts\/103794\/revisions"}],"predecessor-version":[{"id":103796,"href":"https:\/\/www.caririemacao.com\/1\/wp-json\/wp\/v2\/posts\/103794\/revisions\/103796"}],"wp:featuredmedia":[{"embeddable":true,"href":"https:\/\/www.caririemacao.com\/1\/wp-json\/wp\/v2\/media\/103795"}],"wp:attachment":[{"href":"https:\/\/www.caririemacao.com\/1\/wp-json\/wp\/v2\/media?parent=103794"}],"wp:term":[{"taxonomy":"category","embeddable":true,"href":"https:\/\/www.caririemacao.com\/1\/wp-json\/wp\/v2\/categories?post=103794"},{"taxonomy":"post_tag","embeddable":true,"href":"https:\/\/www.caririemacao.com\/1\/wp-json\/wp\/v2\/tags?post=103794"}],"curies":[{"name":"wp","href":"https:\/\/api.w.org\/{rel}","templated":true}]}}