{"id":103801,"date":"2019-07-08T13:02:53","date_gmt":"2019-07-08T16:02:53","guid":{"rendered":"http:\/\/www.caririemacao.com\/1\/?p=103801"},"modified":"2019-07-08T13:02:53","modified_gmt":"2019-07-08T16:02:53","slug":"moro-pede-afastamento-do-cargo-por-uma-semana-para-resolver-assuntos-pessoais","status":"publish","type":"post","link":"https:\/\/www.caririemacao.com\/1\/2019\/07\/08\/moro-pede-afastamento-do-cargo-por-uma-semana-para-resolver-assuntos-pessoais\/","title":{"rendered":"Moro pede afastamento do cargo por uma semana para resolver assuntos pessoais"},"content":{"rendered":"\n<p>O ministro da Justi\u00e7a e Seguran\u00e7a P\u00fablica, Sergio Moro, vai se afastar do cargo entre 15 a 19 de julho. Segundo despacho do presidente Jair Bolsonaro, publicado nesta segunda-feira (8) no Di\u00e1rio Oficial da Uni\u00e3o, Moro tratar\u00e1 de \u201cassuntos particulares\u201d. O retorno est\u00e1 previsto para o pr\u00f3ximo dia 22.<\/p>\n\n\n\n<p>A assessoria de Sergio Moro esclareceu que o ministro n\u00e3o pode tirar f\u00e9rias, e que estar\u00e1 de licen\u00e7a n\u00e3o remunerada na pr\u00f3xima semana para viajar com a fam\u00edlia. O secret\u00e1rio executivo Luiz Pontel responder\u00e1 interinamente pelo minist\u00e9rio no per\u00edodo.<\/p>\n\n\n\n<p>No \u00faltimo m\u00eas, reportagens do Intercept, do jornal \u201cFolha de S.Paulo\u201d e da revista \u201cVeja\u201d revelaram supostas conversas no aplicativo Telegram entre Moro e Procuradores do Minist\u00e9rio P\u00fablico Federal durante a\u00e7\u00f5es da Opera\u00e7\u00e3o Lava-Jato.<\/p>\n\n\n\n<p>Em entrevistas e depoimentos no Senado e na C\u00e2mara, o ministro afirmou n\u00e3o ter nada a esconder sobre as conversas atribu\u00eddas a ele e aos procuradores da Lava-Jato.<\/p>\n","protected":false},"excerpt":{"rendered":"<p>O ministro da Justi\u00e7a e Seguran\u00e7a P\u00fablica, Sergio Moro, vai se afastar do cargo entre 15 a 19 de julho. Segundo despacho do presidente Jair&hellip; <\/p>\n","protected":false},"author":1,"featured_media":101805,"comment_status":"closed","ping_status":"closed","sticky":false,"template":"","format":"standard","meta":{"sfsi_plus_gutenberg_text_before_share":"","sfsi_plus_gutenberg_show_text_before_share":"","sfsi_plus_gutenberg_icon_type":"","sfsi_plus_gutenberg_icon_alignemt":"","sfsi_plus_gutenburg_max_per_row":"","footnotes":""},"categories":[11],"tags":[],"class_list":["post-103801","post","type-post","status-publish","format-standard","has-post-thumbnail","hentry","category-politica"],"_links":{"self":[{"href":"https:\/\/www.caririemacao.com\/1\/wp-json\/wp\/v2\/posts\/103801","targetHints":{"allow":["GET"]}}],"collection":[{"href":"https:\/\/www.caririemacao.com\/1\/wp-json\/wp\/v2\/posts"}],"about":[{"href":"https:\/\/www.caririemacao.com\/1\/wp-json\/wp\/v2\/types\/post"}],"author":[{"embeddable":true,"href":"https:\/\/www.caririemacao.com\/1\/wp-json\/wp\/v2\/users\/1"}],"replies":[{"embeddable":true,"href":"https:\/\/www.caririemacao.com\/1\/wp-json\/wp\/v2\/comments?post=103801"}],"version-history":[{"count":1,"href":"https:\/\/www.caririemacao.com\/1\/wp-json\/wp\/v2\/posts\/103801\/revisions"}],"predecessor-version":[{"id":103802,"href":"https:\/\/www.caririemacao.com\/1\/wp-json\/wp\/v2\/posts\/103801\/revisions\/103802"}],"wp:featuredmedia":[{"embeddable":true,"href":"https:\/\/www.caririemacao.com\/1\/wp-json\/wp\/v2\/media\/101805"}],"wp:attachment":[{"href":"https:\/\/www.caririemacao.com\/1\/wp-json\/wp\/v2\/media?parent=103801"}],"wp:term":[{"taxonomy":"category","embeddable":true,"href":"https:\/\/www.caririemacao.com\/1\/wp-json\/wp\/v2\/categories?post=103801"},{"taxonomy":"post_tag","embeddable":true,"href":"https:\/\/www.caririemacao.com\/1\/wp-json\/wp\/v2\/tags?post=103801"}],"curies":[{"name":"wp","href":"https:\/\/api.w.org\/{rel}","templated":true}]}}