{"id":103806,"date":"2019-07-08T13:36:19","date_gmt":"2019-07-08T16:36:19","guid":{"rendered":"http:\/\/www.caririemacao.com\/1\/?p=103806"},"modified":"2019-07-08T13:36:19","modified_gmt":"2019-07-08T16:36:19","slug":"odm-de-sume-inicia-com-boa-participacao-popular","status":"publish","type":"post","link":"https:\/\/www.caririemacao.com\/1\/2019\/07\/08\/odm-de-sume-inicia-com-boa-participacao-popular\/","title":{"rendered":"ODM de Sum\u00e9 inicia com boa participa\u00e7\u00e3o popular"},"content":{"rendered":"\n<p>A primeira audi\u00eancia do Or\u00e7amento Democr\u00e1tico Municipal de Sum\u00e9, ocorrida na sexta-feira, 05 de julho, no bairro da V\u00e1rzea Redonda, contou com grande participa\u00e7\u00e3o da popula\u00e7\u00e3o.<\/p>\n\n\n\n<p>Comandada pelo prefeito \u00c9den Duarte, a plen\u00e1ria aconteceu no Gin\u00e1sio de Esportes O Ded\u00e3o e foi direcionada para os moradores da V\u00e1rzea Redonda, Carro Quebrado e Frei Dami\u00e3o.<\/p>\n\n\n\n<figure class=\"wp-block-image\"><img fetchpriority=\"high\" decoding=\"async\" width=\"960\" height=\"638\" src=\"http:\/\/www.caririemacao.com\/1\/wp-content\/uploads\/2019\/07\/66462902_1297294890433100_8708358496891961344_n.jpg\" alt=\"\" class=\"wp-image-103809\" srcset=\"https:\/\/www.caririemacao.com\/1\/wp-content\/uploads\/2019\/07\/66462902_1297294890433100_8708358496891961344_n.jpg 960w, https:\/\/www.caririemacao.com\/1\/wp-content\/uploads\/2019\/07\/66462902_1297294890433100_8708358496891961344_n-300x199.jpg 300w, https:\/\/www.caririemacao.com\/1\/wp-content\/uploads\/2019\/07\/66462902_1297294890433100_8708358496891961344_n-768x510.jpg 768w\" sizes=\"(max-width: 960px) 100vw, 960px\" \/><\/figure>\n\n\n\n<p>Ao lado do prefeito, estiveram presentes, o vice-prefeito, Dr\u00f3, os secret\u00e1rios municipais e auxiliares do governo, parlamentares do legislativo sumeense, Br\u00edgida Xavier, Daniel L\u00eala, Ant\u00f4nio Carlos Sarmento, Jos\u00e9 Ant\u00f4nio e presidentes de associa\u00e7\u00f5es, todos com o intuito de discutir o que \u00e9 melhor para o munic\u00edpio no pr\u00f3ximo ano.\u00a0<\/p>\n\n\n\n<figure class=\"wp-block-image\"><img decoding=\"async\" width=\"960\" height=\"638\" data-src=\"http:\/\/www.caririemacao.com\/1\/wp-content\/uploads\/2019\/07\/65927794_1297304097098846_2565357998528528384_n.jpg\" alt=\"\" class=\"wp-image-103810 lazyload\" data-srcset=\"https:\/\/www.caririemacao.com\/1\/wp-content\/uploads\/2019\/07\/65927794_1297304097098846_2565357998528528384_n.jpg 960w, https:\/\/www.caririemacao.com\/1\/wp-content\/uploads\/2019\/07\/65927794_1297304097098846_2565357998528528384_n-300x199.jpg 300w, https:\/\/www.caririemacao.com\/1\/wp-content\/uploads\/2019\/07\/65927794_1297304097098846_2565357998528528384_n-768x510.jpg 768w\" data-sizes=\"(max-width: 960px) 100vw, 960px\" src=\"data:image\/svg+xml;base64,PHN2ZyB3aWR0aD0iMSIgaGVpZ2h0PSIxIiB4bWxucz0iaHR0cDovL3d3dy53My5vcmcvMjAwMC9zdmciPjwvc3ZnPg==\" style=\"--smush-placeholder-width: 960px; --smush-placeholder-aspect-ratio: 960\/638;\" \/><\/figure>\n\n\n\n<p>De forma pioneira no Cariri Ocidental paraibano, o ODM \u00e9 algo in\u00e9dito na hist\u00f3ria de Sum\u00e9 que veio para ficar, assim destacou o prefeito \u00c9den logo no in\u00edcio de seu discurso. Ele falou da import\u00e2ncia de institucionalizar a ferramenta de gest\u00e3o participativa no \u00e2mbito municipal, prestou contas de suas a\u00e7\u00f5es e ouviu a popula\u00e7\u00e3o.<\/p>\n\n\n\n<figure class=\"wp-block-image\"><img decoding=\"async\" width=\"960\" height=\"638\" data-src=\"http:\/\/www.caririemacao.com\/1\/wp-content\/uploads\/2019\/07\/65875329_1297298243766098_763639640426020864_n.jpg\" alt=\"\" class=\"wp-image-103815 lazyload\" data-srcset=\"https:\/\/www.caririemacao.com\/1\/wp-content\/uploads\/2019\/07\/65875329_1297298243766098_763639640426020864_n.jpg 960w, https:\/\/www.caririemacao.com\/1\/wp-content\/uploads\/2019\/07\/65875329_1297298243766098_763639640426020864_n-300x199.jpg 300w, https:\/\/www.caririemacao.com\/1\/wp-content\/uploads\/2019\/07\/65875329_1297298243766098_763639640426020864_n-768x510.jpg 768w\" data-sizes=\"(max-width: 960px) 100vw, 960px\" src=\"data:image\/svg+xml;base64,PHN2ZyB3aWR0aD0iMSIgaGVpZ2h0PSIxIiB4bWxucz0iaHR0cDovL3d3dy53My5vcmcvMjAwMC9zdmciPjwvc3ZnPg==\" style=\"--smush-placeholder-width: 960px; --smush-placeholder-aspect-ratio: 960\/638;\" \/><\/figure>\n\n\n\n<p>\u00c9den destacou tamb\u00e9m que \u00e9 de fundamental import\u00e2ncia a participa\u00e7\u00e3o da C\u00e2mara de Vereadores de Sum\u00e9 no processo, j\u00e1 que ela \u00e9 quem vai receber a pe\u00e7a or\u00e7ament\u00e1ria para o ano de 2020.<\/p>\n\n\n\n<p>Durante a plen\u00e1ria, \u00c9den anunciou que a Prefeitura de Sum\u00e9 deve homologar no pr\u00f3ximo dia 27, a licita\u00e7\u00e3o para dar sequ\u00eancia ao esgotamento sanit\u00e1rio do munic\u00edpio. Um investimento na ordem de mais de R$ 3 milh\u00f5es que contemplar\u00e1 inclusive um trecho do bairro da V\u00e1rzea Redonda.<\/p>\n\n\n\n<figure class=\"wp-block-image\"><img decoding=\"async\" width=\"960\" height=\"638\" data-src=\"http:\/\/www.caririemacao.com\/1\/wp-content\/uploads\/2019\/07\/66475990_1297303873765535_855243905505951744_n.jpg\" alt=\"\" class=\"wp-image-103812 lazyload\" data-srcset=\"https:\/\/www.caririemacao.com\/1\/wp-content\/uploads\/2019\/07\/66475990_1297303873765535_855243905505951744_n.jpg 960w, https:\/\/www.caririemacao.com\/1\/wp-content\/uploads\/2019\/07\/66475990_1297303873765535_855243905505951744_n-300x199.jpg 300w, https:\/\/www.caririemacao.com\/1\/wp-content\/uploads\/2019\/07\/66475990_1297303873765535_855243905505951744_n-768x510.jpg 768w\" data-sizes=\"(max-width: 960px) 100vw, 960px\" src=\"data:image\/svg+xml;base64,PHN2ZyB3aWR0aD0iMSIgaGVpZ2h0PSIxIiB4bWxucz0iaHR0cDovL3d3dy53My5vcmcvMjAwMC9zdmciPjwvc3ZnPg==\" style=\"--smush-placeholder-width: 960px; --smush-placeholder-aspect-ratio: 960\/638;\" \/><\/figure>\n\n\n\n<p>Aproximadamente 200 pessoas participaram da primeira audi\u00eancia p\u00fablica que teve como conselheiros eleitos, Maria Alcideni Costa e Lucineia Alves, e suplentes, Dami\u00e3o Alves Brito e Edvaldo Alves de Souza. As prioridades mais votadas pelo p\u00fablico presente foram: urbanismo e infraestrutura, seguida de saneamento b\u00e1sico e desporto e lazer.<\/p>\n\n\n\n<figure class=\"wp-block-image\"><img decoding=\"async\" width=\"960\" height=\"638\" data-src=\"http:\/\/www.caririemacao.com\/1\/wp-content\/uploads\/2019\/07\/65903600_1297294530433136_9183908215186784256_n.jpg\" alt=\"\" class=\"wp-image-103813 lazyload\" data-srcset=\"https:\/\/www.caririemacao.com\/1\/wp-content\/uploads\/2019\/07\/65903600_1297294530433136_9183908215186784256_n.jpg 960w, https:\/\/www.caririemacao.com\/1\/wp-content\/uploads\/2019\/07\/65903600_1297294530433136_9183908215186784256_n-300x199.jpg 300w, https:\/\/www.caririemacao.com\/1\/wp-content\/uploads\/2019\/07\/65903600_1297294530433136_9183908215186784256_n-768x510.jpg 768w\" data-sizes=\"(max-width: 960px) 100vw, 960px\" src=\"data:image\/svg+xml;base64,PHN2ZyB3aWR0aD0iMSIgaGVpZ2h0PSIxIiB4bWxucz0iaHR0cDovL3d3dy53My5vcmcvMjAwMC9zdmciPjwvc3ZnPg==\" style=\"--smush-placeholder-width: 960px; --smush-placeholder-aspect-ratio: 960\/638;\" \/><\/figure>\n\n\n\n<p>As prioridades destacas pela popula\u00e7\u00e3o, na ocasi\u00e3o, ser\u00e3o debatidas nas pr\u00f3ximas etapas do ODM, durante o Planejamento Democr\u00e1tico. <\/p>\n\n\n\n<figure class=\"wp-block-image\"><img decoding=\"async\" width=\"960\" height=\"638\" data-src=\"http:\/\/www.caririemacao.com\/1\/wp-content\/uploads\/2019\/07\/66011025_1297293953766527_6789226328601133056_n-1.jpg\" alt=\"\" class=\"wp-image-103814 lazyload\" data-srcset=\"https:\/\/www.caririemacao.com\/1\/wp-content\/uploads\/2019\/07\/66011025_1297293953766527_6789226328601133056_n-1.jpg 960w, https:\/\/www.caririemacao.com\/1\/wp-content\/uploads\/2019\/07\/66011025_1297293953766527_6789226328601133056_n-1-300x199.jpg 300w, https:\/\/www.caririemacao.com\/1\/wp-content\/uploads\/2019\/07\/66011025_1297293953766527_6789226328601133056_n-1-768x510.jpg 768w\" data-sizes=\"(max-width: 960px) 100vw, 960px\" src=\"data:image\/svg+xml;base64,PHN2ZyB3aWR0aD0iMSIgaGVpZ2h0PSIxIiB4bWxucz0iaHR0cDovL3d3dy53My5vcmcvMjAwMC9zdmciPjwvc3ZnPg==\" style=\"--smush-placeholder-width: 960px; --smush-placeholder-aspect-ratio: 960\/638;\" \/><\/figure>\n\n\n\n<p>O coordenador do ODM, Marivaldo Alc\u00e2ntara, disse que no dia 26 de agosto ser\u00e1 realizada a sistematiza\u00e7\u00e3o das a\u00e7\u00f5es apontadas, assim como a posse dos conselheiros eleitos. <\/p>\n\n\n\n<p>As pr\u00f3ximas plen\u00e1rias acontecem dias 12 e 13 de julho, respectivamente, na Escola Maria Leite Rafael, no bairro do Alto Alegre, \u00e0s 19h, e na zona rural, no s\u00edtio Concei\u00e7\u00e3o, na escola da comunidade, \u00e0s 15h.<\/p>\n\n\n\n<p>Ascom<\/p>\n","protected":false},"excerpt":{"rendered":"<p>A primeira audi\u00eancia do Or\u00e7amento Democr\u00e1tico Municipal de Sum\u00e9, ocorrida na sexta-feira, 05 de julho, no bairro da V\u00e1rzea Redonda, contou com grande participa\u00e7\u00e3o da&hellip; <\/p>\n","protected":false},"author":2,"featured_media":103807,"comment_status":"closed","ping_status":"closed","sticky":false,"template":"","format":"standard","meta":{"sfsi_plus_gutenberg_text_before_share":"","sfsi_plus_gutenberg_show_text_before_share":"","sfsi_plus_gutenberg_icon_type":"","sfsi_plus_gutenberg_icon_alignemt":"","sfsi_plus_gutenburg_max_per_row":"","footnotes":""},"categories":[50,2],"tags":[],"class_list":["post-103806","post","type-post","status-publish","format-standard","has-post-thumbnail","hentry","category-destaque","category-geral"],"_links":{"self":[{"href":"https:\/\/www.caririemacao.com\/1\/wp-json\/wp\/v2\/posts\/103806","targetHints":{"allow":["GET"]}}],"collection":[{"href":"https:\/\/www.caririemacao.com\/1\/wp-json\/wp\/v2\/posts"}],"about":[{"href":"https:\/\/www.caririemacao.com\/1\/wp-json\/wp\/v2\/types\/post"}],"author":[{"embeddable":true,"href":"https:\/\/www.caririemacao.com\/1\/wp-json\/wp\/v2\/users\/2"}],"replies":[{"embeddable":true,"href":"https:\/\/www.caririemacao.com\/1\/wp-json\/wp\/v2\/comments?post=103806"}],"version-history":[{"count":1,"href":"https:\/\/www.caririemacao.com\/1\/wp-json\/wp\/v2\/posts\/103806\/revisions"}],"predecessor-version":[{"id":103816,"href":"https:\/\/www.caririemacao.com\/1\/wp-json\/wp\/v2\/posts\/103806\/revisions\/103816"}],"wp:featuredmedia":[{"embeddable":true,"href":"https:\/\/www.caririemacao.com\/1\/wp-json\/wp\/v2\/media\/103807"}],"wp:attachment":[{"href":"https:\/\/www.caririemacao.com\/1\/wp-json\/wp\/v2\/media?parent=103806"}],"wp:term":[{"taxonomy":"category","embeddable":true,"href":"https:\/\/www.caririemacao.com\/1\/wp-json\/wp\/v2\/categories?post=103806"},{"taxonomy":"post_tag","embeddable":true,"href":"https:\/\/www.caririemacao.com\/1\/wp-json\/wp\/v2\/tags?post=103806"}],"curies":[{"name":"wp","href":"https:\/\/api.w.org\/{rel}","templated":true}]}}