{"id":103817,"date":"2019-07-08T14:01:31","date_gmt":"2019-07-08T17:01:31","guid":{"rendered":"http:\/\/www.caririemacao.com\/1\/?p=103817"},"modified":"2019-07-08T14:01:31","modified_gmt":"2019-07-08T17:01:31","slug":"divulgadas-musicas-ineditas-do-cantor-gabriel-diniz","status":"publish","type":"post","link":"https:\/\/www.caririemacao.com\/1\/2019\/07\/08\/divulgadas-musicas-ineditas-do-cantor-gabriel-diniz\/","title":{"rendered":"Divulgadas m\u00fasicas in\u00e9ditas do cantor Gabriel Diniz"},"content":{"rendered":"\n<p>&nbsp;cantor Gabriel Diniz gravou antes de morrer uma&nbsp;m\u00fasica&nbsp;in\u00e9dita e comp\u00f4s outra que ficou apenas no papel. Uma das m\u00fasicas foi gravada&nbsp;em um est\u00fadio em Jo\u00e3o Pessoa, na Para\u00edba,&nbsp;uma semana antes do acidente.<\/p>\n\n\n\n<p>A can\u00e7\u00e3o &#8220;A mocinha e o bruto&#8221; de composi\u00e7\u00e3o de Jo\u00e3o Andr\u00e9, Pedro Carpelli, Juarez Junior e Alissin Vieira, seria gravada em parceria com o cantor Mano Walter, por\u00e9m a can\u00e7\u00e3o ficou na pr\u00e9-produ\u00e7\u00e3o, apenas na voz de GD.&nbsp;<\/p>\n\n\n\n<p>Um dos compositores Pedro Carpelli era muito amigo de GD e&nbsp;teve sete m\u00fasicas lan\u00e7adas pelo cantor.&nbsp;<\/p>\n\n\n\n<p>A segunda m\u00fasica \u00e9 de composi\u00e7\u00e3o de Gabriel Diniz, Pedro Carpelli e Diego Bar\u00e3o,&nbsp;e foi intitulada como &#8220;Soldado de papel&#8221;, e segundo o amigo Pedro, saiu ap\u00f3s uma brincadeira entre amigos.&nbsp;<\/p>\n\n\n\n<p>&#8220;Ai ai ai, ai meu Deus,&nbsp;todo mundo esquece, todo mundo menos eu. Ai ai ai, ai meu Deus do c\u00e9u, foi tiro de saudade no soldado de papel&#8221;, fala o refr\u00e3o da m\u00fasica que n\u00e3o chegou a ser produzida pelo cantor.<\/p>\n\n\n\n<p>O cantor Gabriel Diniz morreu no dia 27 de maio, v\u00edtima de um acidente a\u00e9reo em Sergipe.&nbsp;<\/p>\n","protected":false},"excerpt":{"rendered":"<p>&nbsp;cantor Gabriel Diniz gravou antes de morrer uma&nbsp;m\u00fasica&nbsp;in\u00e9dita e comp\u00f4s outra que ficou apenas no papel. Uma das m\u00fasicas foi gravada&nbsp;em um est\u00fadio em Jo\u00e3o&hellip; <\/p>\n","protected":false},"author":1,"featured_media":96753,"comment_status":"closed","ping_status":"closed","sticky":false,"template":"","format":"standard","meta":{"sfsi_plus_gutenberg_text_before_share":"","sfsi_plus_gutenberg_show_text_before_share":"","sfsi_plus_gutenberg_icon_type":"","sfsi_plus_gutenberg_icon_alignemt":"","sfsi_plus_gutenburg_max_per_row":"","footnotes":""},"categories":[2],"tags":[],"class_list":["post-103817","post","type-post","status-publish","format-standard","has-post-thumbnail","hentry","category-geral"],"_links":{"self":[{"href":"https:\/\/www.caririemacao.com\/1\/wp-json\/wp\/v2\/posts\/103817","targetHints":{"allow":["GET"]}}],"collection":[{"href":"https:\/\/www.caririemacao.com\/1\/wp-json\/wp\/v2\/posts"}],"about":[{"href":"https:\/\/www.caririemacao.com\/1\/wp-json\/wp\/v2\/types\/post"}],"author":[{"embeddable":true,"href":"https:\/\/www.caririemacao.com\/1\/wp-json\/wp\/v2\/users\/1"}],"replies":[{"embeddable":true,"href":"https:\/\/www.caririemacao.com\/1\/wp-json\/wp\/v2\/comments?post=103817"}],"version-history":[{"count":1,"href":"https:\/\/www.caririemacao.com\/1\/wp-json\/wp\/v2\/posts\/103817\/revisions"}],"predecessor-version":[{"id":103818,"href":"https:\/\/www.caririemacao.com\/1\/wp-json\/wp\/v2\/posts\/103817\/revisions\/103818"}],"wp:featuredmedia":[{"embeddable":true,"href":"https:\/\/www.caririemacao.com\/1\/wp-json\/wp\/v2\/media\/96753"}],"wp:attachment":[{"href":"https:\/\/www.caririemacao.com\/1\/wp-json\/wp\/v2\/media?parent=103817"}],"wp:term":[{"taxonomy":"category","embeddable":true,"href":"https:\/\/www.caririemacao.com\/1\/wp-json\/wp\/v2\/categories?post=103817"},{"taxonomy":"post_tag","embeddable":true,"href":"https:\/\/www.caririemacao.com\/1\/wp-json\/wp\/v2\/tags?post=103817"}],"curies":[{"name":"wp","href":"https:\/\/api.w.org\/{rel}","templated":true}]}}