{"id":103822,"date":"2019-07-08T14:12:47","date_gmt":"2019-07-08T17:12:47","guid":{"rendered":"http:\/\/www.caririemacao.com\/1\/?p=103822"},"modified":"2019-07-08T14:12:47","modified_gmt":"2019-07-08T17:12:47","slug":"reitora-da-ufpb-aguarda-delegacao-do-mec-para-nomear-aprovados-em-concurso","status":"publish","type":"post","link":"https:\/\/www.caririemacao.com\/1\/2019\/07\/08\/reitora-da-ufpb-aguarda-delegacao-do-mec-para-nomear-aprovados-em-concurso\/","title":{"rendered":"Reitora da UFPB aguarda delega\u00e7\u00e3o do MEC para nomear aprovados em concurso"},"content":{"rendered":"\n<p>A Direitora da Universidade Federal da Para\u00edba (UFPB), Margareth Diniz, disse que aguarda a decis\u00e3o do Minist\u00e9rio da Educa\u00e7\u00e3o (MEC) para nomear os aprovados no concurso p\u00fablico da institui\u00e7\u00e3o. Ela tamb\u00e9m espera que a UFPB receba as verbas do Governo Federal para conseguir se manter funcionando normalmente, sem risco de parar em setembro deste ano. As informa\u00e7\u00f5es foram repassadas em entrevista a uma emissora paraibana de TV.<\/p>\n\n\n\n<p>&#8220;Dado o grande quantitativo de aposentadorias na universidade, \u00e9 prov\u00e1vel que a gente duplique esse quantitativo de nomea\u00e7\u00f5es. Agora, as nomea\u00e7\u00f5es ser\u00e3o feitas pelo MEC. N\u00f3s estamos aguardando a delega\u00e7\u00e3o do ministro da Educa\u00e7\u00e3o para que a reitora possa fazer a nomea\u00e7\u00e3o. Sen\u00e3o, at\u00e9 l\u00e1 n\u00f3s encaminharemos ao MEC para que fa\u00e7a as nomea\u00e7\u00f5es e \u00e0 medida que for acontecendo aposentadoria n\u00f3s vamos fazendo o tr\u00e2mite legal, cerca de 30 dias, e esse c\u00f3digo volta para ser colocado \u00e0 disposi\u00e7\u00e3o do chamamento do concurso&#8221;, explicou a reitora Margareth Diniz.<\/p>\n\n\n\n<p>Margareth Diniz disse que espera que haja as nomea\u00e7\u00f5es por causa da necessidade de novo servidores para os trabalhos da UFPB. &#8220;O concurso foi exitoso. Desde dezembro de 2018, com a publica\u00e7\u00e3o do edital, que vem sendo feito o passo a passo e ele foi totalmente exitoso. Eu espero que n\u00e3o tenha nenhum risco da n\u00e3o nomea\u00e7\u00e3o porque, de fato, h\u00e1 uma necessidade de servidor t\u00e9cnico-administrativo e a gente tem contado com isso j\u00e1 para o m\u00eas de agosto.&#8221;<\/p>\n\n\n\n<p>Ela tamb\u00e9m comentou sobre a situa\u00e7\u00e3o da UFPB com o contingenciamento que o Governo Federal imp\u00f4s \u00e0s universidades e institutos federais de educa\u00e7\u00e3o. &#8220;Nossa situa\u00e7\u00e3o \u00e9 a mesma. O contingenciamento continua. N\u00f3s recebemos s\u00f3 48% de cr\u00e9dito or\u00e7ament\u00e1rio e estamos precisando para que a gente d\u00ea continuidade. N\u00e3o s\u00f3 a UFPB, mas a maioria das universidades federais para em setembro se o recurso n\u00e3o for repassado. N\u00f3s temos outra preocupa\u00e7\u00e3o de que o descontingenciamento possa acontecer no final do ano. Ou seja, n\u00f3s temos R$ 44 milh\u00f5es contingenciados e eu tenho dito aos pr\u00f3-reitores para que fa\u00e7am a devida organiza\u00e7\u00e3o para que, se ele volume de recursos chegar de uma vez s\u00f3 e no final do ano, que a gente tenha tudo preparado para fazer os empenhos e que o recurso n\u00e3o volte. Mas a situa\u00e7\u00e3o \u00e9 essa: se o recurso n\u00e3o for descontingenciado, a universidade vai parar.&#8221;<\/p>\n\n\n\n<p>A homologa\u00e7\u00e3o do resultado final do certame est\u00e1 prevista para o dia 30 de julho. As nomea\u00e7\u00f5es devem come\u00e7ar no pr\u00f3ximo m\u00eas.<\/p>\n\n\n\n<p>Este concurso da UFPB para t\u00e9cnico-administrativos \u00e9 referente ao Edital n\u00ba 122\/2018, publicado no Di\u00e1rio Oficial da Uni\u00e3o em 31 de dezembro de 2018, com 132 vagas para 44 cargos. Outras informa\u00e7\u00f5es podem ser obtidas por meio da Central de Atendimento ao Candidato, atrav\u00e9s do telefone (44) 3344.4242 ou do e-mail candidato@institutoaocp.org.br.<\/p>\n","protected":false},"excerpt":{"rendered":"<p>A Direitora da Universidade Federal da Para\u00edba (UFPB), Margareth Diniz, disse que aguarda a decis\u00e3o do Minist\u00e9rio da Educa\u00e7\u00e3o (MEC) para nomear os aprovados no&hellip; <\/p>\n","protected":false},"author":1,"featured_media":103824,"comment_status":"closed","ping_status":"closed","sticky":false,"template":"","format":"standard","meta":{"sfsi_plus_gutenberg_text_before_share":"","sfsi_plus_gutenberg_show_text_before_share":"","sfsi_plus_gutenberg_icon_type":"","sfsi_plus_gutenberg_icon_alignemt":"","sfsi_plus_gutenburg_max_per_row":"","footnotes":""},"categories":[2],"tags":[],"class_list":["post-103822","post","type-post","status-publish","format-standard","has-post-thumbnail","hentry","category-geral"],"_links":{"self":[{"href":"https:\/\/www.caririemacao.com\/1\/wp-json\/wp\/v2\/posts\/103822","targetHints":{"allow":["GET"]}}],"collection":[{"href":"https:\/\/www.caririemacao.com\/1\/wp-json\/wp\/v2\/posts"}],"about":[{"href":"https:\/\/www.caririemacao.com\/1\/wp-json\/wp\/v2\/types\/post"}],"author":[{"embeddable":true,"href":"https:\/\/www.caririemacao.com\/1\/wp-json\/wp\/v2\/users\/1"}],"replies":[{"embeddable":true,"href":"https:\/\/www.caririemacao.com\/1\/wp-json\/wp\/v2\/comments?post=103822"}],"version-history":[{"count":1,"href":"https:\/\/www.caririemacao.com\/1\/wp-json\/wp\/v2\/posts\/103822\/revisions"}],"predecessor-version":[{"id":103825,"href":"https:\/\/www.caririemacao.com\/1\/wp-json\/wp\/v2\/posts\/103822\/revisions\/103825"}],"wp:featuredmedia":[{"embeddable":true,"href":"https:\/\/www.caririemacao.com\/1\/wp-json\/wp\/v2\/media\/103824"}],"wp:attachment":[{"href":"https:\/\/www.caririemacao.com\/1\/wp-json\/wp\/v2\/media?parent=103822"}],"wp:term":[{"taxonomy":"category","embeddable":true,"href":"https:\/\/www.caririemacao.com\/1\/wp-json\/wp\/v2\/categories?post=103822"},{"taxonomy":"post_tag","embeddable":true,"href":"https:\/\/www.caririemacao.com\/1\/wp-json\/wp\/v2\/tags?post=103822"}],"curies":[{"name":"wp","href":"https:\/\/api.w.org\/{rel}","templated":true}]}}