{"id":103832,"date":"2019-07-08T14:19:25","date_gmt":"2019-07-08T17:19:25","guid":{"rendered":"http:\/\/www.caririemacao.com\/1\/?p=103832"},"modified":"2019-07-08T14:19:25","modified_gmt":"2019-07-08T17:19:25","slug":"embaixador-diz-que-reformas-atrairao-empresas-japonesas-para-o-brasil","status":"publish","type":"post","link":"https:\/\/www.caririemacao.com\/1\/2019\/07\/08\/embaixador-diz-que-reformas-atrairao-empresas-japonesas-para-o-brasil\/","title":{"rendered":"Embaixador diz que reformas atrair\u00e3o empresas japonesas para o Brasil"},"content":{"rendered":"\n<p>O\u00a0embaixador do Jap\u00e3o no Brasil, Akira Yamada, disse hoje (8), em Bras\u00edlia, que a aprova\u00e7\u00e3o pelo Congresso Nacional de reformas, como a da Previd\u00eancia, pode estimular que mais empresas japonesas invistam no Brasil.<\/p>\n\n\n\n<p>\u201cEstou convicto de que, se as reformas avan\u00e7arem, muitas empresas japonesas voltar\u00e3o a olhar para o Brasil novamente para se instalar e aumentar os investimentos\u201d, afirmou, destacando a coopera\u00e7\u00e3o econ\u00f4mica entre os dois pa\u00edses.<\/p>\n\n\n\n<p>A declara\u00e7\u00e3o foi feita durante sess\u00e3o solene no Senado em homenagem aos 111 anos da imigra\u00e7\u00e3o japonesa no pa\u00eds.<\/p>\n\n\n\n<figure class=\"wp-block-image\"><img decoding=\"async\" data-src=\"http:\/\/imagens.ebc.com.br\/vrC5LHI2ydX63hVQsYLee4fezK0=\/754x0\/smart\/http:\/\/agenciabrasil.ebc.com.br\/sites\/default\/files\/thumbnails\/image\/img_2718df.jpg?itok=0wCayerO\" alt=\"O Senado Federal realiza sess\u00e3o especial em comemora\u00e7\u00e3o aos 111 anos da imigra\u00e7\u00e3o japonesa no Brasil. \" src=\"data:image\/svg+xml;base64,PHN2ZyB3aWR0aD0iMSIgaGVpZ2h0PSIxIiB4bWxucz0iaHR0cDovL3d3dy53My5vcmcvMjAwMC9zdmciPjwvc3ZnPg==\" class=\"lazyload\" \/><\/figure>\n\n\n\n<p>Senado realizou sess\u00e3o para comemorar 111 anos da imigra\u00e7\u00e3o japonesa &nbsp; &nbsp;&nbsp;<strong>(Marcelo Camargo\/Ag\u00eancia Brasil)<\/strong><br><\/p>\n\n\n\n<p>\u201cTerceira maior economia do mundo, o Jap\u00e3o apresenta muitas oportunidades e oferece enorme potencial para as exporta\u00e7\u00f5es brasileiras. Parceiro mais tradicional do Brasil na \u00c1sia e com quem temos coopera\u00e7\u00e3o t\u00e9cnica h\u00e1 60 anos, o governo brasileiro tem envidado esfor\u00e7os para o in\u00edcio das negocia\u00e7\u00f5es comerciais Mercosul e Jap\u00e3o, um melhor acesso de produtos de nosso agroneg\u00f3cio, a diversifica\u00e7\u00e3o de nossas exporta\u00e7\u00f5es e atra\u00e7\u00e3o de novos investimentos japoneses\u201d&nbsp; ressaltou a diretora do departamento de Jap\u00e3o e Pac\u00edfico do Minist\u00e9rio de Rela\u00e7\u00f5es Exteriores, Cec\u00edlia Ishitani.<\/p>\n\n\n\n<p>A sess\u00e3o &#8211; proposta pela senadora Leila Barros (PSB &#8211; DF) &#8211; lembrou a chegada , em junho de 1908, do navio Kasato Maru, no Porto de Santos (SP), trazendo 781 japoneses para trabalhar nas fazendas do interior paulista.<\/p>\n\n\n\n<p>Hoje, o Brasil abriga a maior comunidade de descendentes nip\u00f4nicos do mundo, com cerca de 2 milh\u00f5es de pessoas.<\/p>\n\n\n\n<p>A solenidade teve ainda dan\u00e7a t\u00edpica japonesa e apresenta\u00e7\u00e3o de jud\u00f4.<\/p>\n","protected":false},"excerpt":{"rendered":"<p>O\u00a0embaixador do Jap\u00e3o no Brasil, Akira Yamada, disse hoje (8), em Bras\u00edlia, que a aprova\u00e7\u00e3o pelo Congresso Nacional de reformas, como a da Previd\u00eancia, pode&hellip; <\/p>\n","protected":false},"author":1,"featured_media":103833,"comment_status":"closed","ping_status":"closed","sticky":false,"template":"","format":"standard","meta":{"sfsi_plus_gutenberg_text_before_share":"","sfsi_plus_gutenberg_show_text_before_share":"","sfsi_plus_gutenberg_icon_type":"","sfsi_plus_gutenberg_icon_alignemt":"","sfsi_plus_gutenburg_max_per_row":"","footnotes":""},"categories":[2],"tags":[],"class_list":["post-103832","post","type-post","status-publish","format-standard","has-post-thumbnail","hentry","category-geral"],"_links":{"self":[{"href":"https:\/\/www.caririemacao.com\/1\/wp-json\/wp\/v2\/posts\/103832","targetHints":{"allow":["GET"]}}],"collection":[{"href":"https:\/\/www.caririemacao.com\/1\/wp-json\/wp\/v2\/posts"}],"about":[{"href":"https:\/\/www.caririemacao.com\/1\/wp-json\/wp\/v2\/types\/post"}],"author":[{"embeddable":true,"href":"https:\/\/www.caririemacao.com\/1\/wp-json\/wp\/v2\/users\/1"}],"replies":[{"embeddable":true,"href":"https:\/\/www.caririemacao.com\/1\/wp-json\/wp\/v2\/comments?post=103832"}],"version-history":[{"count":1,"href":"https:\/\/www.caririemacao.com\/1\/wp-json\/wp\/v2\/posts\/103832\/revisions"}],"predecessor-version":[{"id":103834,"href":"https:\/\/www.caririemacao.com\/1\/wp-json\/wp\/v2\/posts\/103832\/revisions\/103834"}],"wp:featuredmedia":[{"embeddable":true,"href":"https:\/\/www.caririemacao.com\/1\/wp-json\/wp\/v2\/media\/103833"}],"wp:attachment":[{"href":"https:\/\/www.caririemacao.com\/1\/wp-json\/wp\/v2\/media?parent=103832"}],"wp:term":[{"taxonomy":"category","embeddable":true,"href":"https:\/\/www.caririemacao.com\/1\/wp-json\/wp\/v2\/categories?post=103832"},{"taxonomy":"post_tag","embeddable":true,"href":"https:\/\/www.caririemacao.com\/1\/wp-json\/wp\/v2\/tags?post=103832"}],"curies":[{"name":"wp","href":"https:\/\/api.w.org\/{rel}","templated":true}]}}