{"id":103837,"date":"2019-07-08T14:54:50","date_gmt":"2019-07-08T17:54:50","guid":{"rendered":"http:\/\/www.caririemacao.com\/1\/?p=103837"},"modified":"2019-07-08T14:54:50","modified_gmt":"2019-07-08T17:54:50","slug":"ibge-publica-edital-e-abre-vagas-para-analista-censitario","status":"publish","type":"post","link":"https:\/\/www.caririemacao.com\/1\/2019\/07\/08\/ibge-publica-edital-e-abre-vagas-para-analista-censitario\/","title":{"rendered":"IBGE publica edital e abre vagas para Analista Censit\u00e1rio"},"content":{"rendered":"\n<p>S\u00e3o 400 vagas tempor\u00e1rias para trabalhar no Censo Demogr\u00e1fico, em 20 \u00e1reas de conhecimento de n\u00edvel superior. As inscri\u00e7\u00f5es estar\u00e3o abertas de 8 a 23 de julho e as provas est\u00e3o previstas para 1\u00ba de setembro.<\/p>\n\n\n\n<p>Os contratados ter\u00e3o direito aos aux\u00edlios Alimenta\u00e7\u00e3o, Transporte e Pr\u00e9-escolar, assim como a f\u00e9rias e 13\u00ba sal\u00e1rio proporcionais, de acordo com a legisla\u00e7\u00e3o que regulamenta este tipo de contrata\u00e7\u00e3o. A remunera\u00e7\u00e3o mensal prevista \u00e9 de R$ 4.200,00.<\/p>\n\n\n\n<p>O per\u00edodo m\u00e1ximo da contrata\u00e7\u00e3o \u00e9 de 12 (doze) meses. Os contratos ter\u00e3o vig\u00eancia de 30 (trinta) dias, podendo ser sucessivamente prorrogados por igual per\u00edodo, de acordo com a necessidade do trabalho e\/ou disponibilidade de recursos or\u00e7ament\u00e1rios. O desempenho dos contratados ser\u00e1 avaliado mensalmente.<\/p>\n\n\n\n<p>A jornada de trabalho ser\u00e1 de 40 horas semanais, sendo 8 horas di\u00e1rias. S\u00e3o oferecidas 400 vagas tempor\u00e1rias, em 20 \u00e1reas de conhecimento de n\u00edvel superior.<\/p>\n\n\n\n<p>H\u00e1 vagas para todas as 27 unidades da federa\u00e7\u00e3o, mas a maior parte delas \u00e9 para o Rio de Janeiro, onde est\u00e1 a sede do IBGE.<\/p>\n\n\n\n<p>As pessoas com defici\u00eancia ter\u00e3o direito ao m\u00ednimo 5% das vagas, de acordo com a legisla\u00e7\u00e3o em vigor e as normas do edital. Veja na tabela abaixo a rela\u00e7\u00e3o das \u00e1reas de conhecimento e as respectivas vagas:<\/p>\n\n\n\n<table class=\"wp-block-table\"><tbody><tr><th>Fun\u00e7\u00e3o<\/th><th>\u00c1rea de Conhecimento<\/th><th>Retribui\u00e7\u00e3o Mensal<\/th><th>Taxa de Inscri\u00e7\u00e3o<\/th><th>N\u00ba de Vagas<\/th><\/tr><tr><td>Analista Censit\u00e1rio (AC)<\/td><td>An\u00e1lise de Sistemas \u2013 Desen. Aplica\u00e7\u00f5es<\/td><td>R$4.200,00<\/td><td>R$64,00<\/td><td>17<\/td><\/tr><tr><td>An\u00e1lise de Sistemas \u2013 Desenv. Aplica\u00e7\u00f5es Web Mobile<\/td><td>2<\/td><\/tr><tr><td>An\u00e1lise de Sistemas \u2013 Suporte a Comunica\u00e7\u00f5es e Rede<\/td><td>5<\/td><\/tr><tr><td>An\u00e1lise de Sistemas \u2013 Suporte \u00e0 Produ\u00e7\u00e3o<\/td><td>4<\/td><\/tr><tr><td>An\u00e1lise de Sistemas \u2013 Suporte Operacional e de Tecnologia<\/td><td>4<\/td><\/tr><tr><td>An\u00e1lise Socioecon\u00f4mica<\/td><td>36<\/td><\/tr><tr><td>Biblioteconomia e Documenta\u00e7\u00e3o<\/td><td>4<\/td><\/tr><tr><td>Ci\u00eancias Cont\u00e1beis<\/td><td>30<\/td><\/tr><tr><td>Ci\u00eancias Sociais<\/td><td>12<\/td><\/tr><tr><td>Desenho Instrucional<\/td><td>2<\/td><\/tr><tr><td>Geoprocessamento<\/td><td>24<\/td><\/tr><tr><td>Gest\u00e3o e Infraestrutura<\/td><td>142<\/td><\/tr><tr><td>Jornalismo<\/td><td>35<\/td><\/tr><tr><td>Letras<\/td><td>1<\/td><\/tr><tr><td>Log\u00edstica<\/td><td>5<\/td><\/tr><tr><td>M\u00e9todos Quantitativos<\/td><td>57<\/td><\/tr><tr><td>Planejamento e Gest\u00e3o<\/td><td>1<\/td><\/tr><tr><td>Produ\u00e7\u00e3o Gr\u00e1fica\/Editorial<\/td><td>2<\/td><\/tr><tr><td>Programa\u00e7\u00e3o Visual\/Web design<\/td><td>10<\/td><\/tr><tr><td>Recursos Humanos<\/td><td>7<\/td><\/tr><tr><td><strong>TOTAL<\/strong><\/td><td><strong>400<\/strong><\/td><\/tr><\/tbody><\/table>\n\n\n\n<p>Os principais requisitos a serem atendidos pelos candidatos s\u00e3o: a) ter nacionalidade brasileira ou portuguesa e, nesse caso, estar amparado pelo estatuto de igualdade entre brasileiros e portugueses; b) estar em dia com as obriga\u00e7\u00f5es eleitorais; c) estar em pleno gozo de seus direitos pol\u00edticos; d) estar em dia com as obriga\u00e7\u00f5es militares, em caso de candidato brasileiro do sexo masculino; e) ter idade m\u00ednima de dezoito anos completos, na data de contrata\u00e7\u00e3o; f) n\u00e3o ser servidor da Administra\u00e7\u00e3o direta ou indireta da Uni\u00e3o, dos Estados, do Distrito Federal e dos Munic\u00edpios, bem como empregado ou servidor de suas subsidi\u00e1rias e controladas, ainda que aposentado; g) n\u00e3o ter sido contratado pelo IBGE nos \u00faltimos 24 (vinte e quatro) meses para servi\u00e7o tempor\u00e1rio; h) possuir aptid\u00e3o f\u00edsica e mental para o exerc\u00edcio das suas atribui\u00e7\u00f5es; i) n\u00e3o ser s\u00f3cio-gerente ou administrador de sociedades privadas.<\/p>\n\n\n\n<p>Os requisitos e a documenta\u00e7\u00e3o necess\u00e1ria est\u00e3o estabelecidos no edital, que deve ser lido atentamente pelos candidatos.<\/p>\n\n\n\n<p>As inscri\u00e7\u00f5es poder\u00e3o ser feitas pela internet, no site www.institutoaocp.org.br. Para evitar contratempos, os candidatos devem ler e seguir atentamente as determina\u00e7\u00f5es do edital.<\/p>\n\n\n\n<p>A taxa \u00e9 de R$ 64,00 e as inscri\u00e7\u00f5es somente ser\u00e3o validadas ap\u00f3s a confirma\u00e7\u00e3o do respectivo pagamento. As pessoas pretas ou pardas ter\u00e3o direito a 20% das vagas, de acordo com a legisla\u00e7\u00e3o em vigor.<\/p>\n\n\n\n<p>As provas est\u00e3o previstas para 1\u00ba de setembro de 2019. O cronograma completo est\u00e1 no edital e deve ser lido atentamente pelos candidatos. Ser\u00e3o 60 quest\u00f5es objetivas em tr\u00eas disciplinas: l\u00edngua portuguesa, conhecimentos espec\u00edficos e racioc\u00ednio l\u00f3gico, com exce\u00e7\u00e3o das \u00e1reas de conhecimento de M\u00e9todos Quantitativos e Letras, que ter\u00e3o duas disciplinas cada (l\u00edngua portuguesa e conhecimentos espec\u00edficos e racioc\u00ednio l\u00f3gico e conhecimentos espec\u00edficos, respectivamente) conforme descrito no edital.<\/p>\n\n\n\n<p>Veja o cronograma das principais etapas do processo seletivo na tabela a seguir:<\/p>\n\n\n\n<table class=\"wp-block-table\"><tbody><tr><th>EVENTOS B\u00c1SICOS<\/th><th>DATAS PREVISTAS<\/th><\/tr><tr><td>Inscri\u00e7\u00f5es<\/td><td>De 8 a 23\/07\/2019<\/td><\/tr><tr><td>Divulga\u00e7\u00e3o dos locais de prova e Cart\u00e3o de Confirma\u00e7\u00e3o de Inscri\u00e7\u00e3o<\/td><td>21\/08\/2019<\/td><\/tr><tr><td>Aplica\u00e7\u00e3o da prova objetiva<\/td><td>01\/09\/2019<\/td><\/tr><tr><td>Divulga\u00e7\u00e3o dos gabaritos preliminares da prova objetiva<\/td><td>02\/09\/2019<\/td><\/tr><tr><td>Publica\u00e7\u00e3o do Gabarito Definitivo e do Resultado Definitivo da Prova Objetiva<\/td><td>16\/09\/2019<\/td><\/tr><tr><td>Divulga\u00e7\u00e3o do resultado final<\/td><td>26\/09\/2019<\/td><\/tr><tr><td>In\u00edcio da convoca\u00e7\u00e3o para contrata\u00e7\u00e3o<\/td><\/tr><\/tbody><\/table>\n","protected":false},"excerpt":{"rendered":"<p>S\u00e3o 400 vagas tempor\u00e1rias para trabalhar no Censo Demogr\u00e1fico, em 20 \u00e1reas de conhecimento de n\u00edvel superior. As inscri\u00e7\u00f5es estar\u00e3o abertas de 8 a 23&hellip; <\/p>\n","protected":false},"author":1,"featured_media":103838,"comment_status":"closed","ping_status":"closed","sticky":false,"template":"","format":"standard","meta":{"sfsi_plus_gutenberg_text_before_share":"","sfsi_plus_gutenberg_show_text_before_share":"","sfsi_plus_gutenberg_icon_type":"","sfsi_plus_gutenberg_icon_alignemt":"","sfsi_plus_gutenburg_max_per_row":"","footnotes":""},"categories":[2],"tags":[],"class_list":["post-103837","post","type-post","status-publish","format-standard","has-post-thumbnail","hentry","category-geral"],"_links":{"self":[{"href":"https:\/\/www.caririemacao.com\/1\/wp-json\/wp\/v2\/posts\/103837","targetHints":{"allow":["GET"]}}],"collection":[{"href":"https:\/\/www.caririemacao.com\/1\/wp-json\/wp\/v2\/posts"}],"about":[{"href":"https:\/\/www.caririemacao.com\/1\/wp-json\/wp\/v2\/types\/post"}],"author":[{"embeddable":true,"href":"https:\/\/www.caririemacao.com\/1\/wp-json\/wp\/v2\/users\/1"}],"replies":[{"embeddable":true,"href":"https:\/\/www.caririemacao.com\/1\/wp-json\/wp\/v2\/comments?post=103837"}],"version-history":[{"count":1,"href":"https:\/\/www.caririemacao.com\/1\/wp-json\/wp\/v2\/posts\/103837\/revisions"}],"predecessor-version":[{"id":103839,"href":"https:\/\/www.caririemacao.com\/1\/wp-json\/wp\/v2\/posts\/103837\/revisions\/103839"}],"wp:featuredmedia":[{"embeddable":true,"href":"https:\/\/www.caririemacao.com\/1\/wp-json\/wp\/v2\/media\/103838"}],"wp:attachment":[{"href":"https:\/\/www.caririemacao.com\/1\/wp-json\/wp\/v2\/media?parent=103837"}],"wp:term":[{"taxonomy":"category","embeddable":true,"href":"https:\/\/www.caririemacao.com\/1\/wp-json\/wp\/v2\/categories?post=103837"},{"taxonomy":"post_tag","embeddable":true,"href":"https:\/\/www.caririemacao.com\/1\/wp-json\/wp\/v2\/tags?post=103837"}],"curies":[{"name":"wp","href":"https:\/\/api.w.org\/{rel}","templated":true}]}}