{"id":103851,"date":"2019-07-09T06:37:21","date_gmt":"2019-07-09T09:37:21","guid":{"rendered":"http:\/\/www.caririemacao.com\/1\/?p=103851"},"modified":"2019-07-09T06:45:36","modified_gmt":"2019-07-09T09:45:36","slug":"secretaria-de-educacao-de-amparo-realizou-formacao-continuada-para-os-professores-da-rede-municipal-de-ensino","status":"publish","type":"post","link":"https:\/\/www.caririemacao.com\/1\/2019\/07\/09\/secretaria-de-educacao-de-amparo-realizou-formacao-continuada-para-os-professores-da-rede-municipal-de-ensino\/","title":{"rendered":"Secretaria de Educa\u00e7\u00e3o de Amparo realizou Forma\u00e7\u00e3o Continuada para os professores da Rede Municipal de Ensino"},"content":{"rendered":"\n<p>Com objetivo de contribuir para o enriquecimento e valoriza\u00e7\u00e3o profissional dos professores que atuam na rede p\u00fablica municipal, a Secretaria de Educa\u00e7\u00e3o de Amparo esteve promovendo nessa segunda-feira (08) uma s\u00e9rie de atividades de Forma\u00e7\u00e3o Continuada para os professores Amparenses. Praticamente todos os profissionais que atuam nas Escolas Municipais de Educa\u00e7\u00e3o Infantil e Fundamental participaram do momento.<\/p>\n\n\n\n<figure class=\"wp-block-image\"><img decoding=\"async\" data-src=\"https:\/\/1.bp.blogspot.com\/-qdMo-PhIxn0\/XSO7msXI3cI\/AAAAAAABB28\/iBq45RCr8s09nCEU6IOC_2fyrc7rIL62ACLcBGAs\/s640\/Forma%25C3%25A7%25C3%25A3o%2BContinuada%2Bpara%2Bos%2Bprofessores%2Bdas%2Brede%2Bmunicipal%2B%252810%2529.jpeg\" alt=\"\" src=\"data:image\/svg+xml;base64,PHN2ZyB3aWR0aD0iMSIgaGVpZ2h0PSIxIiB4bWxucz0iaHR0cDovL3d3dy53My5vcmcvMjAwMC9zdmciPjwvc3ZnPg==\" class=\"lazyload\" \/><\/figure>\n\n\n\n<p>A programa\u00e7\u00e3o come\u00e7ou pela manh\u00e3, com uma palestra com Professora Dr\u00aa Denise Xavier (UFCG &#8211; Sum\u00e9) e \u00e0 tarde, a palestra foi com a psic\u00f3loga do munic\u00edpio, al\u00e9m do planejamento com a Coordena\u00e7\u00e3o Pedag\u00f3gica.<\/p>\n\n\n\n<figure class=\"wp-block-image\"><img decoding=\"async\" data-src=\"https:\/\/1.bp.blogspot.com\/-3Gnz2RypZ9o\/XSO7saRi6mI\/AAAAAAABB3A\/u0phemsoU8wrjJs9feHb7SIPefUe9wgKgCLcBGAs\/s640\/Forma%25C3%25A7%25C3%25A3o%2BContinuada%2Bpara%2Bos%2Bprofessores%2Bdas%2Brede%2Bmunicipal%2B%25281%2529.jpeg\" alt=\"\" src=\"data:image\/svg+xml;base64,PHN2ZyB3aWR0aD0iMSIgaGVpZ2h0PSIxIiB4bWxucz0iaHR0cDovL3d3dy53My5vcmcvMjAwMC9zdmciPjwvc3ZnPg==\" class=\"lazyload\" \/><\/figure>\n\n\n\n<p>\u201cO foco principal da a\u00e7\u00e3o \u00e9 motivar os professores da rede municipal dando continuidade \u00e0 sua qualifica\u00e7\u00e3o profissional, apresentando propostas de inova\u00e7\u00e3o nas pr\u00e1ticas pedag\u00f3gicas, tendo em vista o planejamento das atividades educacionais previstas para o segundo semestre de 2019\u201d, ressaltou Fabiana Feitosa, Secret\u00e1ria de Educa\u00e7\u00e3o.<br><\/p>\n\n\n\n<figure class=\"wp-block-image\"><a href=\"https:\/\/1.bp.blogspot.com\/-540kppwSjdA\/XSO7x4RoJ7I\/AAAAAAABB3Q\/2KQ7MFoFmfkpF_FK8oGoQz0oUYy_elrqgCLcBGAs\/s1600\/Forma%25C3%25A7%25C3%25A3o%2BContinuada%2Bpara%2Bos%2Bprofessores%2Bdas%2Brede%2Bmunicipal%2B%25282%2529.jpeg\"><img decoding=\"async\" data-src=\"https:\/\/1.bp.blogspot.com\/-540kppwSjdA\/XSO7x4RoJ7I\/AAAAAAABB3Q\/2KQ7MFoFmfkpF_FK8oGoQz0oUYy_elrqgCLcBGAs\/s640\/Forma%25C3%25A7%25C3%25A3o%2BContinuada%2Bpara%2Bos%2Bprofessores%2Bdas%2Brede%2Bmunicipal%2B%25282%2529.jpeg\" alt=\"\" src=\"data:image\/svg+xml;base64,PHN2ZyB3aWR0aD0iMSIgaGVpZ2h0PSIxIiB4bWxucz0iaHR0cDovL3d3dy53My5vcmcvMjAwMC9zdmciPjwvc3ZnPg==\" class=\"lazyload\" \/><\/a><\/figure>\n\n\n\n<figure class=\"wp-block-image\"><a href=\"https:\/\/1.bp.blogspot.com\/-C1MN5KUosEo\/XSO7y9tDAsI\/AAAAAAABB3U\/T4e0FyH74UgV_n6yrepDouCbezAC-ElQwCLcBGAs\/s1600\/Forma%25C3%25A7%25C3%25A3o%2BContinuada%2Bpara%2Bos%2Bprofessores%2Bdas%2Brede%2Bmunicipal%2B%25283%2529.jpeg\"><img decoding=\"async\" data-src=\"https:\/\/1.bp.blogspot.com\/-C1MN5KUosEo\/XSO7y9tDAsI\/AAAAAAABB3U\/T4e0FyH74UgV_n6yrepDouCbezAC-ElQwCLcBGAs\/s640\/Forma%25C3%25A7%25C3%25A3o%2BContinuada%2Bpara%2Bos%2Bprofessores%2Bdas%2Brede%2Bmunicipal%2B%25283%2529.jpeg\" alt=\"\" src=\"data:image\/svg+xml;base64,PHN2ZyB3aWR0aD0iMSIgaGVpZ2h0PSIxIiB4bWxucz0iaHR0cDovL3d3dy53My5vcmcvMjAwMC9zdmciPjwvc3ZnPg==\" class=\"lazyload\" \/><\/a><\/figure>\n\n\n\n<p>Amparo Ligado <\/p>\n","protected":false},"excerpt":{"rendered":"<p>Com objetivo de contribuir para o enriquecimento e valoriza\u00e7\u00e3o profissional dos professores que atuam na rede p\u00fablica municipal, a Secretaria de Educa\u00e7\u00e3o de Amparo esteve&hellip; <\/p>\n","protected":false},"author":1,"featured_media":103876,"comment_status":"closed","ping_status":"closed","sticky":false,"template":"","format":"standard","meta":{"sfsi_plus_gutenberg_text_before_share":"","sfsi_plus_gutenberg_show_text_before_share":"","sfsi_plus_gutenberg_icon_type":"","sfsi_plus_gutenberg_icon_alignemt":"","sfsi_plus_gutenburg_max_per_row":"","footnotes":""},"categories":[14],"tags":[],"class_list":["post-103851","post","type-post","status-publish","format-standard","has-post-thumbnail","hentry","category-educacao"],"_links":{"self":[{"href":"https:\/\/www.caririemacao.com\/1\/wp-json\/wp\/v2\/posts\/103851","targetHints":{"allow":["GET"]}}],"collection":[{"href":"https:\/\/www.caririemacao.com\/1\/wp-json\/wp\/v2\/posts"}],"about":[{"href":"https:\/\/www.caririemacao.com\/1\/wp-json\/wp\/v2\/types\/post"}],"author":[{"embeddable":true,"href":"https:\/\/www.caririemacao.com\/1\/wp-json\/wp\/v2\/users\/1"}],"replies":[{"embeddable":true,"href":"https:\/\/www.caririemacao.com\/1\/wp-json\/wp\/v2\/comments?post=103851"}],"version-history":[{"count":1,"href":"https:\/\/www.caririemacao.com\/1\/wp-json\/wp\/v2\/posts\/103851\/revisions"}],"predecessor-version":[{"id":103860,"href":"https:\/\/www.caririemacao.com\/1\/wp-json\/wp\/v2\/posts\/103851\/revisions\/103860"}],"wp:featuredmedia":[{"embeddable":true,"href":"https:\/\/www.caririemacao.com\/1\/wp-json\/wp\/v2\/media\/103876"}],"wp:attachment":[{"href":"https:\/\/www.caririemacao.com\/1\/wp-json\/wp\/v2\/media?parent=103851"}],"wp:term":[{"taxonomy":"category","embeddable":true,"href":"https:\/\/www.caririemacao.com\/1\/wp-json\/wp\/v2\/categories?post=103851"},{"taxonomy":"post_tag","embeddable":true,"href":"https:\/\/www.caririemacao.com\/1\/wp-json\/wp\/v2\/tags?post=103851"}],"curies":[{"name":"wp","href":"https:\/\/api.w.org\/{rel}","templated":true}]}}