{"id":103852,"date":"2019-07-08T20:13:30","date_gmt":"2019-07-08T23:13:30","guid":{"rendered":"http:\/\/www.caririemacao.com\/1\/?p=103852"},"modified":"2019-07-08T20:13:30","modified_gmt":"2019-07-08T23:13:30","slug":"moacir-rodrigues-informa-retomada-do-bombeamento-do-eixo-norte","status":"publish","type":"post","link":"https:\/\/www.caririemacao.com\/1\/2019\/07\/08\/moacir-rodrigues-informa-retomada-do-bombeamento-do-eixo-norte\/","title":{"rendered":"Moacir Rodrigues informa retomada do bombeamento  do Eixo Norte"},"content":{"rendered":"\n<p>O deputado estadual, Moacir Rodrigues,  informou que a primeira esta\u00e7\u00e3o de bombeamento do eixo norte da transposi\u00e7\u00e3o do Rio S\u00e3o Francisco, localizada na cidade de Cabrob\u00f3, foi reiniciada nessa segunda-feira (08) de acordo com o Minist\u00e9rio do Desenvolvimento Regional. A segunda esta\u00e7\u00e3o deve retornar o bombeamento at\u00e9 o dia 20 de Julho e a terceira at\u00e9 o dia 15 de Agosto.<\/p>\n\n\n\n<p>&#8220;A retomada do bombeamento \u00e9 importante para o desenvolvimento econ\u00f4mico da Para\u00edba, muitas cidades e ribeirinhos dependem da \u00e1gua do Rio S\u00e3o Francisco para a gera\u00e7\u00e3o de empregos e renda. A vit\u00f3ria \u00e9 do Brasil, a vit\u00f3ria \u00e9 do Governo Bolsonaro que mostra mais uma vez a sensibilidade com o povo nordestino&#8221;, destacou..<\/p>\n","protected":false},"excerpt":{"rendered":"<p>O deputado estadual, Moacir Rodrigues, informou que a primeira esta\u00e7\u00e3o de bombeamento do eixo norte da transposi\u00e7\u00e3o do Rio S\u00e3o Francisco, localizada na cidade de&hellip; <\/p>\n","protected":false},"author":2,"featured_media":103853,"comment_status":"closed","ping_status":"closed","sticky":false,"template":"","format":"standard","meta":{"sfsi_plus_gutenberg_text_before_share":"","sfsi_plus_gutenberg_show_text_before_share":"","sfsi_plus_gutenberg_icon_type":"","sfsi_plus_gutenberg_icon_alignemt":"","sfsi_plus_gutenburg_max_per_row":"","footnotes":""},"categories":[50,2],"tags":[],"class_list":["post-103852","post","type-post","status-publish","format-standard","has-post-thumbnail","hentry","category-destaque","category-geral"],"_links":{"self":[{"href":"https:\/\/www.caririemacao.com\/1\/wp-json\/wp\/v2\/posts\/103852","targetHints":{"allow":["GET"]}}],"collection":[{"href":"https:\/\/www.caririemacao.com\/1\/wp-json\/wp\/v2\/posts"}],"about":[{"href":"https:\/\/www.caririemacao.com\/1\/wp-json\/wp\/v2\/types\/post"}],"author":[{"embeddable":true,"href":"https:\/\/www.caririemacao.com\/1\/wp-json\/wp\/v2\/users\/2"}],"replies":[{"embeddable":true,"href":"https:\/\/www.caririemacao.com\/1\/wp-json\/wp\/v2\/comments?post=103852"}],"version-history":[{"count":1,"href":"https:\/\/www.caririemacao.com\/1\/wp-json\/wp\/v2\/posts\/103852\/revisions"}],"predecessor-version":[{"id":103854,"href":"https:\/\/www.caririemacao.com\/1\/wp-json\/wp\/v2\/posts\/103852\/revisions\/103854"}],"wp:featuredmedia":[{"embeddable":true,"href":"https:\/\/www.caririemacao.com\/1\/wp-json\/wp\/v2\/media\/103853"}],"wp:attachment":[{"href":"https:\/\/www.caririemacao.com\/1\/wp-json\/wp\/v2\/media?parent=103852"}],"wp:term":[{"taxonomy":"category","embeddable":true,"href":"https:\/\/www.caririemacao.com\/1\/wp-json\/wp\/v2\/categories?post=103852"},{"taxonomy":"post_tag","embeddable":true,"href":"https:\/\/www.caririemacao.com\/1\/wp-json\/wp\/v2\/tags?post=103852"}],"curies":[{"name":"wp","href":"https:\/\/api.w.org\/{rel}","templated":true}]}}