{"id":103863,"date":"2019-07-09T06:39:43","date_gmt":"2019-07-09T09:39:43","guid":{"rendered":"http:\/\/www.caririemacao.com\/1\/?p=103863"},"modified":"2019-07-09T06:39:43","modified_gmt":"2019-07-09T09:39:43","slug":"cariri-tem-reducao-de-53-de-crimes-violentos-letais-intencionais-no-1-semestre","status":"publish","type":"post","link":"https:\/\/www.caririemacao.com\/1\/2019\/07\/09\/cariri-tem-reducao-de-53-de-crimes-violentos-letais-intencionais-no-1-semestre\/","title":{"rendered":"Cariri tem redu\u00e7\u00e3o de 53% de Crimes Violentos Letais Intencionais no 1\u00b0 semestre"},"content":{"rendered":"\n<p>A regi\u00e3o do Cariri paraibano teve uma redu\u00e7\u00e3o de 53% de Crimes Violentos Letais Intencionais no primeiro semestre de 2019, sendo a 4\u00aa maior redu\u00e7\u00e3o do Estado. A informa\u00e7\u00e3o \u00e9 da 14\u00b0 Delegacia Seccional de Pol\u00edcia Civil, com sede em Monteiro.<br>O delegado seccional, Dr. Cristiano Santana informou ainda, que houve um aumento de 350% no n\u00famero de pris\u00f5es realizadas pela Pol\u00edcia Civil do Cariri, al\u00e9m de um aumento de 450% no n\u00famero de mandados de busca e apreens\u00e3o cumpridos neste primeiro semestre.<br>O delegado comemorou os resultados obtidos nos seis primeiros meses do ano, e destacou que Monteiro obteve sua maior redu\u00e7\u00e3o de crimes violentos letais intencionais j\u00e1 registrada.<br>Cariri da Gente<\/p>\n","protected":false},"excerpt":{"rendered":"<p>A regi\u00e3o do Cariri paraibano teve uma redu\u00e7\u00e3o de 53% de Crimes Violentos Letais Intencionais no primeiro semestre de 2019, sendo a 4\u00aa maior redu\u00e7\u00e3o&hellip; <\/p>\n","protected":false},"author":1,"featured_media":27838,"comment_status":"closed","ping_status":"closed","sticky":false,"template":"","format":"standard","meta":{"sfsi_plus_gutenberg_text_before_share":"","sfsi_plus_gutenberg_show_text_before_share":"","sfsi_plus_gutenberg_icon_type":"","sfsi_plus_gutenberg_icon_alignemt":"","sfsi_plus_gutenburg_max_per_row":"","footnotes":""},"categories":[50,12],"tags":[],"class_list":["post-103863","post","type-post","status-publish","format-standard","has-post-thumbnail","hentry","category-destaque","category-policia"],"_links":{"self":[{"href":"https:\/\/www.caririemacao.com\/1\/wp-json\/wp\/v2\/posts\/103863","targetHints":{"allow":["GET"]}}],"collection":[{"href":"https:\/\/www.caririemacao.com\/1\/wp-json\/wp\/v2\/posts"}],"about":[{"href":"https:\/\/www.caririemacao.com\/1\/wp-json\/wp\/v2\/types\/post"}],"author":[{"embeddable":true,"href":"https:\/\/www.caririemacao.com\/1\/wp-json\/wp\/v2\/users\/1"}],"replies":[{"embeddable":true,"href":"https:\/\/www.caririemacao.com\/1\/wp-json\/wp\/v2\/comments?post=103863"}],"version-history":[{"count":1,"href":"https:\/\/www.caririemacao.com\/1\/wp-json\/wp\/v2\/posts\/103863\/revisions"}],"predecessor-version":[{"id":103864,"href":"https:\/\/www.caririemacao.com\/1\/wp-json\/wp\/v2\/posts\/103863\/revisions\/103864"}],"wp:featuredmedia":[{"embeddable":true,"href":"https:\/\/www.caririemacao.com\/1\/wp-json\/wp\/v2\/media\/27838"}],"wp:attachment":[{"href":"https:\/\/www.caririemacao.com\/1\/wp-json\/wp\/v2\/media?parent=103863"}],"wp:term":[{"taxonomy":"category","embeddable":true,"href":"https:\/\/www.caririemacao.com\/1\/wp-json\/wp\/v2\/categories?post=103863"},{"taxonomy":"post_tag","embeddable":true,"href":"https:\/\/www.caririemacao.com\/1\/wp-json\/wp\/v2\/tags?post=103863"}],"curies":[{"name":"wp","href":"https:\/\/api.w.org\/{rel}","templated":true}]}}