{"id":103867,"date":"2019-07-09T06:41:55","date_gmt":"2019-07-09T09:41:55","guid":{"rendered":"http:\/\/www.caririemacao.com\/1\/?p=103867"},"modified":"2019-07-09T06:41:55","modified_gmt":"2019-07-09T09:41:55","slug":"apos-afastamento-por-caso-neymar-reporter-deixa-a-rede-globo","status":"publish","type":"post","link":"https:\/\/www.caririemacao.com\/1\/2019\/07\/09\/apos-afastamento-por-caso-neymar-reporter-deixa-a-rede-globo\/","title":{"rendered":"Ap\u00f3s afastamento por caso Neymar, rep\u00f3rter deixa a Rede Globo"},"content":{"rendered":"\n<p>O Grupo Globo informou nesta segunda-feira (8) que o jornalista Mauro Naves, 59 anos, n\u00e3o trabalha mais na empresa. Em junho, ele j\u00e1 havia sido, ap\u00f3s a emissora divulgar que ele teria tido atitudes que contrariam \u201ca expectativa da empresa sobre a conduta de seus jornalistas\u201d.<\/p>\n\n\n\n<p>\u201cO Grupo Globo e o jornalista Mauro Naves decidiram encerrar consensualmente o contrato de presta\u00e7\u00e3o de servi\u00e7os que mantinham. O Grupo Globo reconhece a imensa contribui\u00e7\u00e3o de Mauro Naves ao jornalismo esportivo e a ele agradece os 31 anos de dedica\u00e7\u00e3o e colabora\u00e7\u00e3o\u201d, afirma a nota de desligamento divulgada pela emissora.<\/p>\n\n\n\n<p>O motivo do afastamento em junho, segundo a Globo, foi em raz\u00e3o do rep\u00f3rter ter passado o contato do pai de Neymar a Jos\u00e9 Edgard Bueno, advogado que trabalhava para Najila Trindade. Ela afirma ter sigo agredida e estuprada pelo jogador do Paris Saint-Germain. Neymar nega, e o caso \u00e9 investigado pela Pol\u00edcia Civil.<\/p>\n\n\n\n<p>Na ocasi\u00e3o do afastamento, a Globo afirmou que, \u201cem sua defesa, o jornalista disse que se limitou a repassar os contatos do pai do Neymar para o advogado, a quem j\u00e1 conhecia, porque esperava obter a hist\u00f3ria com exclusividade -e que quando o assunto se tornou p\u00fablico, avaliou que sua participa\u00e7\u00e3o n\u00e3o teria relev\u00e2ncia.\u201d<\/p>\n\n\n\n<p>Em entrevista ao programa TV Fama, em junho, a atriz Patricia Naves, mulher do rep\u00f3rter, disse que o afastamento causou uma grande dor na fam\u00edlia.<\/p>\n\n\n\n<p>\u201cAcho que ningu\u00e9m deveria passar o que o Mauro est\u00e1 passando. Eu preferiria n\u00e3o falar, mas n\u00e3o posso. A dor que todos n\u00f3s da fam\u00edlia estamos passando, n\u00e3o desejaria ao meu pior inimigo\u201d, disse.<\/p>\n\n\n\n<p>Naves n\u00e3o foi encontrado pela reportagem at\u00e9 a publica\u00e7\u00e3o da reportagem.<\/p>\n","protected":false},"excerpt":{"rendered":"<p>O Grupo Globo informou nesta segunda-feira (8) que o jornalista Mauro Naves, 59 anos, n\u00e3o trabalha mais na empresa. Em junho, ele j\u00e1 havia sido,&hellip; <\/p>\n","protected":false},"author":1,"featured_media":103868,"comment_status":"closed","ping_status":"closed","sticky":false,"template":"","format":"standard","meta":{"sfsi_plus_gutenberg_text_before_share":"","sfsi_plus_gutenberg_show_text_before_share":"","sfsi_plus_gutenberg_icon_type":"","sfsi_plus_gutenberg_icon_alignemt":"","sfsi_plus_gutenburg_max_per_row":"","footnotes":""},"categories":[2],"tags":[],"class_list":["post-103867","post","type-post","status-publish","format-standard","has-post-thumbnail","hentry","category-geral"],"_links":{"self":[{"href":"https:\/\/www.caririemacao.com\/1\/wp-json\/wp\/v2\/posts\/103867","targetHints":{"allow":["GET"]}}],"collection":[{"href":"https:\/\/www.caririemacao.com\/1\/wp-json\/wp\/v2\/posts"}],"about":[{"href":"https:\/\/www.caririemacao.com\/1\/wp-json\/wp\/v2\/types\/post"}],"author":[{"embeddable":true,"href":"https:\/\/www.caririemacao.com\/1\/wp-json\/wp\/v2\/users\/1"}],"replies":[{"embeddable":true,"href":"https:\/\/www.caririemacao.com\/1\/wp-json\/wp\/v2\/comments?post=103867"}],"version-history":[{"count":1,"href":"https:\/\/www.caririemacao.com\/1\/wp-json\/wp\/v2\/posts\/103867\/revisions"}],"predecessor-version":[{"id":103869,"href":"https:\/\/www.caririemacao.com\/1\/wp-json\/wp\/v2\/posts\/103867\/revisions\/103869"}],"wp:featuredmedia":[{"embeddable":true,"href":"https:\/\/www.caririemacao.com\/1\/wp-json\/wp\/v2\/media\/103868"}],"wp:attachment":[{"href":"https:\/\/www.caririemacao.com\/1\/wp-json\/wp\/v2\/media?parent=103867"}],"wp:term":[{"taxonomy":"category","embeddable":true,"href":"https:\/\/www.caririemacao.com\/1\/wp-json\/wp\/v2\/categories?post=103867"},{"taxonomy":"post_tag","embeddable":true,"href":"https:\/\/www.caririemacao.com\/1\/wp-json\/wp\/v2\/tags?post=103867"}],"curies":[{"name":"wp","href":"https:\/\/api.w.org\/{rel}","templated":true}]}}