{"id":103884,"date":"2019-07-09T06:55:05","date_gmt":"2019-07-09T09:55:05","guid":{"rendered":"http:\/\/www.caririemacao.com\/1\/?p=103884"},"modified":"2019-07-09T06:55:05","modified_gmt":"2019-07-09T09:55:05","slug":"eleicoes-2020-eden-ressalta-que-esta-focado-na-gestao-e-diz-que-reeleicao-e-algo-natural","status":"publish","type":"post","link":"https:\/\/www.caririemacao.com\/1\/2019\/07\/09\/eleicoes-2020-eden-ressalta-que-esta-focado-na-gestao-e-diz-que-reeleicao-e-algo-natural\/","title":{"rendered":"Elei\u00e7\u00f5es 2020: \u00c9den ressalta que est\u00e1 focado na gest\u00e3o e diz que reelei\u00e7\u00e3o \u00e9 algo natural"},"content":{"rendered":"\n<p>Elei\u00e7\u00f5es 2020 \u2013 O prefeito de Sum\u00e9, \u00c9den Duarte ressaltou que est\u00e1 focado na gest\u00e3o, mas tamb\u00e9m tem conversado com o seu grupo pol\u00edtico com vistas \u00e0s elei\u00e7\u00f5es municipais de 2020.<\/p>\n\n\n\n<p>\u00c9den expressou que sua reelei\u00e7\u00e3o \u00e9 algo natural e que sua pretens\u00e3o \u00e9 que o seu grupo ocupe o maior n\u00famero de cadeiras na C\u00e2mara Municipal.<\/p>\n\n\n\n<p>\u201cTenho conversado, paralelamente \u00e0 gest\u00e3o, com meu grupo pol\u00edtico, sobre o cen\u00e1rio para 2020, entretanto, hoje, minha prioridade \u00e9 a gest\u00e3o municipal. Os movimentos da oposi\u00e7\u00e3o em busca de um candidato ou de candidatos \u00e9 natural. Nosso grupo vai discutir normalmente a forma\u00e7\u00e3o de chapa na majorit\u00e1ria e na proporcional. Minha candidatura \u00e0 reelei\u00e7\u00e3o est\u00e1 posta e tamb\u00e9m \u00e9 algo natural. Vamos aguardar o desenrolar dos fatos e trabalhar para n\u00f3s reelegermos, assim como ocupar o maior n\u00famero de cadeiras na c\u00e2mara municipal\u201d, finalizou.<\/p>\n\n\n\n<p>Blog Bruno Lira <\/p>\n","protected":false},"excerpt":{"rendered":"<p>Elei\u00e7\u00f5es 2020 \u2013 O prefeito de Sum\u00e9, \u00c9den Duarte ressaltou que est\u00e1 focado na gest\u00e3o, mas tamb\u00e9m tem conversado com o seu grupo pol\u00edtico com&hellip; <\/p>\n","protected":false},"author":1,"featured_media":37102,"comment_status":"closed","ping_status":"closed","sticky":false,"template":"","format":"standard","meta":{"sfsi_plus_gutenberg_text_before_share":"","sfsi_plus_gutenberg_show_text_before_share":"","sfsi_plus_gutenberg_icon_type":"","sfsi_plus_gutenberg_icon_alignemt":"","sfsi_plus_gutenburg_max_per_row":"","footnotes":""},"categories":[50,2],"tags":[],"class_list":["post-103884","post","type-post","status-publish","format-standard","has-post-thumbnail","hentry","category-destaque","category-geral"],"_links":{"self":[{"href":"https:\/\/www.caririemacao.com\/1\/wp-json\/wp\/v2\/posts\/103884","targetHints":{"allow":["GET"]}}],"collection":[{"href":"https:\/\/www.caririemacao.com\/1\/wp-json\/wp\/v2\/posts"}],"about":[{"href":"https:\/\/www.caririemacao.com\/1\/wp-json\/wp\/v2\/types\/post"}],"author":[{"embeddable":true,"href":"https:\/\/www.caririemacao.com\/1\/wp-json\/wp\/v2\/users\/1"}],"replies":[{"embeddable":true,"href":"https:\/\/www.caririemacao.com\/1\/wp-json\/wp\/v2\/comments?post=103884"}],"version-history":[{"count":1,"href":"https:\/\/www.caririemacao.com\/1\/wp-json\/wp\/v2\/posts\/103884\/revisions"}],"predecessor-version":[{"id":103885,"href":"https:\/\/www.caririemacao.com\/1\/wp-json\/wp\/v2\/posts\/103884\/revisions\/103885"}],"wp:featuredmedia":[{"embeddable":true,"href":"https:\/\/www.caririemacao.com\/1\/wp-json\/wp\/v2\/media\/37102"}],"wp:attachment":[{"href":"https:\/\/www.caririemacao.com\/1\/wp-json\/wp\/v2\/media?parent=103884"}],"wp:term":[{"taxonomy":"category","embeddable":true,"href":"https:\/\/www.caririemacao.com\/1\/wp-json\/wp\/v2\/categories?post=103884"},{"taxonomy":"post_tag","embeddable":true,"href":"https:\/\/www.caririemacao.com\/1\/wp-json\/wp\/v2\/tags?post=103884"}],"curies":[{"name":"wp","href":"https:\/\/api.w.org\/{rel}","templated":true}]}}