{"id":103897,"date":"2019-07-09T12:39:27","date_gmt":"2019-07-09T15:39:27","guid":{"rendered":"http:\/\/www.caririemacao.com\/1\/?p=103897"},"modified":"2019-07-09T12:39:27","modified_gmt":"2019-07-09T15:39:27","slug":"em-monteiro-banco-do-nordeste-realiza-nesta-quarta-feira-10-o-acelera-microcredito%ef%bb%bf","status":"publish","type":"post","link":"https:\/\/www.caririemacao.com\/1\/2019\/07\/09\/em-monteiro-banco-do-nordeste-realiza-nesta-quarta-feira-10-o-acelera-microcredito%ef%bb%bf\/","title":{"rendered":"EM MONTEIRO: Banco do Nordeste realiza nesta quarta-feira (10) o Acelera Microcr\u00e9dito\ufeff"},"content":{"rendered":"\n<p>O Banco do Nordeste realizar\u00e1 na pr\u00f3xima quarta-feira (10 de\nJulho), no munic\u00edpio de Monteiro-PB, o evento Acelera Microcr\u00e9dito. A a\u00e7\u00e3o, que\nser\u00e1 realizada na Pra\u00e7a Jo\u00e3o Pessoa, a partir das 08h00, levar\u00e1 \u00e0 popula\u00e7\u00e3o,\ngratuitamente, servi\u00e7os e atendimento negocial. <\/p>\n\n\n\n<p>O evento proporcionar\u00e1 ao p\u00fablico atendimentos sociais, de\nsa\u00fade e acesso facilitado ao cr\u00e9dito como forma de gerar oportunidades de\ninvestimentos nos pequenos neg\u00f3cios da cidade e regi\u00e3o circunvizinha. Al\u00e9m\ndisso, haver\u00e1 a exposi\u00e7\u00e3o e vendas de produtos locais, apresenta\u00e7\u00f5es culturais,\nentretenimento para crian\u00e7as e atendimento negocial das equipes dos programas\nde microcr\u00e9dito urbano, o Crediamigo, e rural, o Agroamigo. <\/p>\n\n\n\n<p>O Acelera Microcr\u00e9dito refor\u00e7a a rela\u00e7\u00e3o do Banco do\nNordeste com o setor produtivo, enquanto institui\u00e7\u00e3o financeira de\ndesenvolvimento, ent\u00e3o, se voc\u00ea pensa em ter seu pr\u00f3prio neg\u00f3cio ou aumentar\nsua produtividade, participe do evento.<\/p>\n\n\n\n<p>Em Monteiro, o mesmo conta com o apoio da Prefeitura\nMunicipal de Monteiro, Secretaria de Sa\u00fade, Sebrae, IFPB e Maravilha Motos.<\/p>\n","protected":false},"excerpt":{"rendered":"<p>O Banco do Nordeste realizar\u00e1 na pr\u00f3xima quarta-feira (10 de Julho), no munic\u00edpio de Monteiro-PB, o evento Acelera Microcr\u00e9dito. A a\u00e7\u00e3o, que ser\u00e1 realizada na&hellip; <\/p>\n","protected":false},"author":2,"featured_media":103898,"comment_status":"closed","ping_status":"closed","sticky":false,"template":"","format":"standard","meta":{"sfsi_plus_gutenberg_text_before_share":"","sfsi_plus_gutenberg_show_text_before_share":"","sfsi_plus_gutenberg_icon_type":"","sfsi_plus_gutenberg_icon_alignemt":"","sfsi_plus_gutenburg_max_per_row":"","footnotes":""},"categories":[50,2],"tags":[],"class_list":["post-103897","post","type-post","status-publish","format-standard","has-post-thumbnail","hentry","category-destaque","category-geral"],"_links":{"self":[{"href":"https:\/\/www.caririemacao.com\/1\/wp-json\/wp\/v2\/posts\/103897","targetHints":{"allow":["GET"]}}],"collection":[{"href":"https:\/\/www.caririemacao.com\/1\/wp-json\/wp\/v2\/posts"}],"about":[{"href":"https:\/\/www.caririemacao.com\/1\/wp-json\/wp\/v2\/types\/post"}],"author":[{"embeddable":true,"href":"https:\/\/www.caririemacao.com\/1\/wp-json\/wp\/v2\/users\/2"}],"replies":[{"embeddable":true,"href":"https:\/\/www.caririemacao.com\/1\/wp-json\/wp\/v2\/comments?post=103897"}],"version-history":[{"count":1,"href":"https:\/\/www.caririemacao.com\/1\/wp-json\/wp\/v2\/posts\/103897\/revisions"}],"predecessor-version":[{"id":103899,"href":"https:\/\/www.caririemacao.com\/1\/wp-json\/wp\/v2\/posts\/103897\/revisions\/103899"}],"wp:featuredmedia":[{"embeddable":true,"href":"https:\/\/www.caririemacao.com\/1\/wp-json\/wp\/v2\/media\/103898"}],"wp:attachment":[{"href":"https:\/\/www.caririemacao.com\/1\/wp-json\/wp\/v2\/media?parent=103897"}],"wp:term":[{"taxonomy":"category","embeddable":true,"href":"https:\/\/www.caririemacao.com\/1\/wp-json\/wp\/v2\/categories?post=103897"},{"taxonomy":"post_tag","embeddable":true,"href":"https:\/\/www.caririemacao.com\/1\/wp-json\/wp\/v2\/tags?post=103897"}],"curies":[{"name":"wp","href":"https:\/\/api.w.org\/{rel}","templated":true}]}}