{"id":103900,"date":"2019-07-09T13:19:31","date_gmt":"2019-07-09T16:19:31","guid":{"rendered":"http:\/\/www.caririemacao.com\/1\/?p=103900"},"modified":"2019-07-09T13:19:31","modified_gmt":"2019-07-09T16:19:31","slug":"sao-joao-de-monteiro-foi-o-mais-tranquilo-dos-ultimos-10-anos","status":"publish","type":"post","link":"https:\/\/www.caririemacao.com\/1\/2019\/07\/09\/sao-joao-de-monteiro-foi-o-mais-tranquilo-dos-ultimos-10-anos\/","title":{"rendered":"S\u00e3o Jo\u00e3o de Monteiro foi o mais tranquilo dos \u00faltimos 10 anos"},"content":{"rendered":"\n<p>A prefeita de Monteiro, Anna Lorena, recebeu com alegria, a informa\u00e7\u00e3o sobre o balan\u00e7o das ocorr\u00eancias policiais registradas durante as comemora\u00e7\u00f5es dos festejos juninos que tiveram in\u00edcio no dia 08 de junho, com o Festival de Quadrilhas, sendo finalizado no \u00faltimo dia 29 de junho no S\u00edtio S\u00e3o Francisco.As informa\u00e7\u00f5es foram repassadas pela 14\u00aa Delegacia Seccional de Pol\u00edcia Civil, chefiada pelo Delegado de Pol\u00edcia Civil, Dr. Cristiano Santana. Segundo os dados da Secretaria da Seguran\u00e7a e da Defesa Social da Para\u00edba \u2013 SEDS, em rela\u00e7\u00e3o ao mesmo per\u00edodo de 2018, houve uma redu\u00e7\u00e3o de quase 70% no registro de Crimes Violentos Letais Intencionais \u2013 CVLI, onde s\u00e3o contabilizadas as ocorr\u00eancias de homic\u00eddio doloso, latroc\u00ednio e les\u00e3o corporal seguida de morte.Ao tempo em que Anna Lorena agradeceu o apoio das Pol\u00edcias Civil e Militar, Dr. Cristiano Santana agradeceu o apoio e suporte, log\u00edstico e operacional da Prefeitura para os policiais que estiveram de plant\u00e3o, al\u00e9m das instala\u00e7\u00f5es da Central de Monitoramento Eletr\u00f4nico, sob a coordena\u00e7\u00e3o do comando da Pol\u00edcia Militar que facilitou o trabalho das Pol\u00edcias.<\/p>\n","protected":false},"excerpt":{"rendered":"<p>A prefeita de Monteiro, Anna Lorena, recebeu com alegria, a informa\u00e7\u00e3o sobre o balan\u00e7o das ocorr\u00eancias policiais registradas durante as comemora\u00e7\u00f5es dos festejos juninos que&hellip; <\/p>\n","protected":false},"author":1,"featured_media":103901,"comment_status":"closed","ping_status":"closed","sticky":false,"template":"","format":"standard","meta":{"sfsi_plus_gutenberg_text_before_share":"","sfsi_plus_gutenberg_show_text_before_share":"","sfsi_plus_gutenberg_icon_type":"","sfsi_plus_gutenberg_icon_alignemt":"","sfsi_plus_gutenburg_max_per_row":"","footnotes":""},"categories":[2],"tags":[],"class_list":["post-103900","post","type-post","status-publish","format-standard","has-post-thumbnail","hentry","category-geral"],"_links":{"self":[{"href":"https:\/\/www.caririemacao.com\/1\/wp-json\/wp\/v2\/posts\/103900","targetHints":{"allow":["GET"]}}],"collection":[{"href":"https:\/\/www.caririemacao.com\/1\/wp-json\/wp\/v2\/posts"}],"about":[{"href":"https:\/\/www.caririemacao.com\/1\/wp-json\/wp\/v2\/types\/post"}],"author":[{"embeddable":true,"href":"https:\/\/www.caririemacao.com\/1\/wp-json\/wp\/v2\/users\/1"}],"replies":[{"embeddable":true,"href":"https:\/\/www.caririemacao.com\/1\/wp-json\/wp\/v2\/comments?post=103900"}],"version-history":[{"count":1,"href":"https:\/\/www.caririemacao.com\/1\/wp-json\/wp\/v2\/posts\/103900\/revisions"}],"predecessor-version":[{"id":103902,"href":"https:\/\/www.caririemacao.com\/1\/wp-json\/wp\/v2\/posts\/103900\/revisions\/103902"}],"wp:featuredmedia":[{"embeddable":true,"href":"https:\/\/www.caririemacao.com\/1\/wp-json\/wp\/v2\/media\/103901"}],"wp:attachment":[{"href":"https:\/\/www.caririemacao.com\/1\/wp-json\/wp\/v2\/media?parent=103900"}],"wp:term":[{"taxonomy":"category","embeddable":true,"href":"https:\/\/www.caririemacao.com\/1\/wp-json\/wp\/v2\/categories?post=103900"},{"taxonomy":"post_tag","embeddable":true,"href":"https:\/\/www.caririemacao.com\/1\/wp-json\/wp\/v2\/tags?post=103900"}],"curies":[{"name":"wp","href":"https:\/\/api.w.org\/{rel}","templated":true}]}}