{"id":103906,"date":"2019-07-09T14:08:45","date_gmt":"2019-07-09T17:08:45","guid":{"rendered":"http:\/\/www.caririemacao.com\/1\/?p=103906"},"modified":"2019-07-09T14:08:45","modified_gmt":"2019-07-09T17:08:45","slug":"programa-se-liga-no-enem-abre-300-vagas-na-paraiba","status":"publish","type":"post","link":"https:\/\/www.caririemacao.com\/1\/2019\/07\/09\/programa-se-liga-no-enem-abre-300-vagas-na-paraiba\/","title":{"rendered":"Programa &#8216;Se Liga no Enem&#8217; abre 300 vagas na Para\u00edba"},"content":{"rendered":"\n<p>O\u00a0programa preparat\u00f3rio &#8220;Se Liga no Enem&#8221; oferece 300 vagas para as cidades de Jo\u00e3o Pessoa, Guarabira e Campina Grande, na Para\u00edba. As aulas presenciais devem come\u00e7ar na pr\u00f3xima segunda-feira (15).<br><\/p>\n\n\n\n<p>Os estudantes interessados podem se inscrever atrav\u00e9s do site do programa&nbsp;<a href=\"http:\/\/seliganoenem.pb.gov.br\/\">http:\/\/seliganoenem.pb.gov.br\/<\/a><\/p>\n\n\n\n<p>As aulas ser\u00e3o realizadas de segunda a quinta-feiras, das 19h \u00e0s 21h30. Na capital as aulas v\u00e3o acontecer no col\u00e9gio Liceu Paraibano, no centro da cidade, e no Centro de Forma\u00e7\u00e3o de Educadores Professora Elisa Bezerra Mineiros, no bairro de Mangabeira.&nbsp;<\/p>\n\n\n\n<p>J\u00e1 em Campina Grande, \u00e0s aulas acontecem na Escola Normal Estadual Padre Em\u00eddio Viana e em Guarabira ser\u00e1 na Escola Cidad\u00e3 Integral T\u00e9cnica Emiliano Cristo.&nbsp;<\/p>\n\n\n\n<p>De acordo com o programa, os estudantes ter\u00e3o direito \u00e0 revis\u00e3o presencial, material did\u00e1tico de Linguagens, Matem\u00e1tica, Ci\u00eancias Naturais e Ci\u00eancias Humanas, Plataforma Se Liga no Enem para revis\u00e3o online, simulados preparat\u00f3rios, n\u00facleo de reda\u00e7\u00e3o, ferramenta de gest\u00e3o de desempenho e a presen\u00e7a no Se Liga no Enem Festival.&nbsp;<\/p>\n\n\n\n<p>No caso dos ex-alunos interessados em participar do programa, eles poder\u00e3o se inscrever na modalidade semipresencial, dispon\u00edvel em todas as 14 Ger\u00eancias Regionais de Ensino pelo site do programa.<\/p>\n","protected":false},"excerpt":{"rendered":"<p>O\u00a0programa preparat\u00f3rio &#8220;Se Liga no Enem&#8221; oferece 300 vagas para as cidades de Jo\u00e3o Pessoa, Guarabira e Campina Grande, na Para\u00edba. As aulas presenciais devem&hellip; <\/p>\n","protected":false},"author":1,"featured_media":70370,"comment_status":"closed","ping_status":"closed","sticky":false,"template":"","format":"standard","meta":{"sfsi_plus_gutenberg_text_before_share":"","sfsi_plus_gutenberg_show_text_before_share":"","sfsi_plus_gutenberg_icon_type":"","sfsi_plus_gutenberg_icon_alignemt":"","sfsi_plus_gutenburg_max_per_row":"","footnotes":""},"categories":[14],"tags":[],"class_list":["post-103906","post","type-post","status-publish","format-standard","has-post-thumbnail","hentry","category-educacao"],"_links":{"self":[{"href":"https:\/\/www.caririemacao.com\/1\/wp-json\/wp\/v2\/posts\/103906","targetHints":{"allow":["GET"]}}],"collection":[{"href":"https:\/\/www.caririemacao.com\/1\/wp-json\/wp\/v2\/posts"}],"about":[{"href":"https:\/\/www.caririemacao.com\/1\/wp-json\/wp\/v2\/types\/post"}],"author":[{"embeddable":true,"href":"https:\/\/www.caririemacao.com\/1\/wp-json\/wp\/v2\/users\/1"}],"replies":[{"embeddable":true,"href":"https:\/\/www.caririemacao.com\/1\/wp-json\/wp\/v2\/comments?post=103906"}],"version-history":[{"count":1,"href":"https:\/\/www.caririemacao.com\/1\/wp-json\/wp\/v2\/posts\/103906\/revisions"}],"predecessor-version":[{"id":103907,"href":"https:\/\/www.caririemacao.com\/1\/wp-json\/wp\/v2\/posts\/103906\/revisions\/103907"}],"wp:featuredmedia":[{"embeddable":true,"href":"https:\/\/www.caririemacao.com\/1\/wp-json\/wp\/v2\/media\/70370"}],"wp:attachment":[{"href":"https:\/\/www.caririemacao.com\/1\/wp-json\/wp\/v2\/media?parent=103906"}],"wp:term":[{"taxonomy":"category","embeddable":true,"href":"https:\/\/www.caririemacao.com\/1\/wp-json\/wp\/v2\/categories?post=103906"},{"taxonomy":"post_tag","embeddable":true,"href":"https:\/\/www.caririemacao.com\/1\/wp-json\/wp\/v2\/tags?post=103906"}],"curies":[{"name":"wp","href":"https:\/\/api.w.org\/{rel}","templated":true}]}}