{"id":103909,"date":"2019-07-09T14:12:28","date_gmt":"2019-07-09T17:12:28","guid":{"rendered":"http:\/\/www.caririemacao.com\/1\/?p=103909"},"modified":"2019-07-09T14:12:28","modified_gmt":"2019-07-09T17:12:28","slug":"bolsonaro-manifesta-confianca-na-aprovacao-da-reforma-antes-do-recesso","status":"publish","type":"post","link":"https:\/\/www.caririemacao.com\/1\/2019\/07\/09\/bolsonaro-manifesta-confianca-na-aprovacao-da-reforma-antes-do-recesso\/","title":{"rendered":"Bolsonaro manifesta confian\u00e7a na aprova\u00e7\u00e3o da reforma antes do recesso"},"content":{"rendered":"\n<p>O\u00a0presidente Jair Bolsonaro disse, hoje (9), que est\u00e1 confiante na aprova\u00e7\u00e3o da reforma da Previd\u00eancia na C\u00e2mara dos Deputados antes do recesso parlamentar, que come\u00e7a na semana que vem. \u201cO [presidente da C\u00e2mara] Rodrigo Maia \u00e9 nosso general dentro da C\u00e2mara para aprovar, antes do recesso [parlamentar], os dois turnos dessa nova Previd\u00eancia\u201d, disse.<\/p>\n\n\n\n<p><a href=\"http:\/\/agenciabrasil.ebc.com.br\/politica\/noticia\/2019-07\/plenario-da-camara-comeca-discutir-reforma-da-previdencia\" target=\"_blank\" rel=\"noreferrer noopener\">O plen\u00e1rio da Casa inicia nesta ter\u00e7a-feira (9) a discuss\u00e3o da mat\u00e9ria<\/a>. Aprovada na madrugada de sexta-feira (5) na Comiss\u00e3o Especial, ap\u00f3s 16 horas de debates, o texto precisa do voto favor\u00e1vel de pelo menos 308 deputados, em dois turnos de vota\u00e7\u00e3o, para ir \u00e0 an\u00e1lise do Senado.<\/p>\n\n\n\n<p>Assim como Bolsonaro, o presidente da C\u00e2mara est\u00e1 otimista na aprova\u00e7\u00e3o do texto com uma boa margem de votos, em torno de 330. Se validado pelos deputados, o texto segue para an\u00e1lise do Senado, onde tamb\u00e9m deve ser apreciado em dois turnos de vota\u00e7\u00e3o e depende da aprova\u00e7\u00e3o de, pelo menos, 49 senadores.<\/p>\n\n\n\n<h2 class=\"wp-block-heading\">Amaz\u00f4nia<\/h2>\n\n\n\n<p>Bolsonaro falou rapidamente com a imprensa ao deixar o Minist\u00e9rio do Meio Ambiente (MMA), onde participou de uma reuni\u00e3o com a bancada da Amaz\u00f4nia no Congresso. \u201c\u00c9 um minist\u00e9rio extremamente importante para o futuro do Brasil. Ele [o ministro do Meio Ambiente, Ricardo Salles] est\u00e1 recendo a bancada da Amaz\u00f4nia, eu tinha interesse em cumprimentar o pessoal e trocar ideias. Todo o governo, com a classe pol\u00edtica, est\u00e1 buscando destravar o Brasil\u201d, disse.<\/p>\n\n\n\n<p>De acordo com Salles, foi um encontro de alinhamento do minist\u00e9rio com outros minist\u00e9rios e os interesses dos poderes executivos e legislativos dos estados em torno das pautas para a regi\u00e3o, \u201cna defesa do desenvolvimento do Brasil, cuidando do meio ambiente, mas respeitando e, acima de tudo, reconhecendo a necessidade das pessoas\u201d.<\/p>\n","protected":false},"excerpt":{"rendered":"<p>O\u00a0presidente Jair Bolsonaro disse, hoje (9), que est\u00e1 confiante na aprova\u00e7\u00e3o da reforma da Previd\u00eancia na C\u00e2mara dos Deputados antes do recesso parlamentar, que come\u00e7a&hellip; <\/p>\n","protected":false},"author":1,"featured_media":103910,"comment_status":"closed","ping_status":"closed","sticky":false,"template":"","format":"standard","meta":{"sfsi_plus_gutenberg_text_before_share":"","sfsi_plus_gutenberg_show_text_before_share":"","sfsi_plus_gutenberg_icon_type":"","sfsi_plus_gutenberg_icon_alignemt":"","sfsi_plus_gutenburg_max_per_row":"","footnotes":""},"categories":[11],"tags":[],"class_list":["post-103909","post","type-post","status-publish","format-standard","has-post-thumbnail","hentry","category-politica"],"_links":{"self":[{"href":"https:\/\/www.caririemacao.com\/1\/wp-json\/wp\/v2\/posts\/103909","targetHints":{"allow":["GET"]}}],"collection":[{"href":"https:\/\/www.caririemacao.com\/1\/wp-json\/wp\/v2\/posts"}],"about":[{"href":"https:\/\/www.caririemacao.com\/1\/wp-json\/wp\/v2\/types\/post"}],"author":[{"embeddable":true,"href":"https:\/\/www.caririemacao.com\/1\/wp-json\/wp\/v2\/users\/1"}],"replies":[{"embeddable":true,"href":"https:\/\/www.caririemacao.com\/1\/wp-json\/wp\/v2\/comments?post=103909"}],"version-history":[{"count":1,"href":"https:\/\/www.caririemacao.com\/1\/wp-json\/wp\/v2\/posts\/103909\/revisions"}],"predecessor-version":[{"id":103911,"href":"https:\/\/www.caririemacao.com\/1\/wp-json\/wp\/v2\/posts\/103909\/revisions\/103911"}],"wp:featuredmedia":[{"embeddable":true,"href":"https:\/\/www.caririemacao.com\/1\/wp-json\/wp\/v2\/media\/103910"}],"wp:attachment":[{"href":"https:\/\/www.caririemacao.com\/1\/wp-json\/wp\/v2\/media?parent=103909"}],"wp:term":[{"taxonomy":"category","embeddable":true,"href":"https:\/\/www.caririemacao.com\/1\/wp-json\/wp\/v2\/categories?post=103909"},{"taxonomy":"post_tag","embeddable":true,"href":"https:\/\/www.caririemacao.com\/1\/wp-json\/wp\/v2\/tags?post=103909"}],"curies":[{"name":"wp","href":"https:\/\/api.w.org\/{rel}","templated":true}]}}